{"id":81150,"date":"2026-03-17T09:15:37","date_gmt":"2026-03-17T15:15:37","guid":{"rendered":"https:\/\/www.uchealth.org\/today\/?p=81150"},"modified":"2026-03-17T09:20:17","modified_gmt":"2026-03-17T15:20:17","slug":"es-abril-da-inicio-a-una-primavera-llena-de-aventuras-en-colorado","status":"publish","type":"post","link":"https:\/\/www.uchealth.org\/today\/es-abril-da-inicio-a-una-primavera-llena-de-aventuras-en-colorado\/","title":{"rendered":"Una primavera divertida: Eventos y actividades para disfrutar en Colorado en abril"},"content":{"rendered":"<div style=\"margin-top: 0px; margin-bottom: 0px;\" class=\"sharethis-inline-share-buttons\" ><\/div><figure id=\"attachment_81132\" aria-describedby=\"caption-attachment-81132\" style=\"width: 640px\" class=\"wp-caption aligncenter\"><img loading=\"lazy\" decoding=\"async\" class=\"wp-image-81132\" src=\"https:\/\/uchealth-wp-uploads.s3.amazonaws.com\/wp-content\/uploads\/sites\/6\/2025\/03\/10105012\/GettyImages-2180764838-daughter-dad-hispanic-outdoor-crafts-art-web.webp\" alt=\"El Festival Infantil, patrocinado por United Way of Weld County, est\u00e1 dirigido a beb\u00e9s y ni\u00f1os y ni\u00f1as de hasta 8 a\u00f1os y a sus personas cuidadoras. Foto: Getty Images.\" width=\"640\" height=\"426\" \/><figcaption id=\"caption-attachment-81132\" class=\"wp-caption-text\">El Festival Infantil, patrocinado por United Way of Weld County, est\u00e1 dirigido a beb\u00e9s, ni\u00f1os y ni\u00f1as de hasta 8 a\u00f1os, as\u00ed como a sus cuidadores. Foto: Getty Images.<\/figcaption><\/figure>\n<p>Estar en Colorado en abril, nos da la oportunidad de recargar energ\u00eda y renovarnos. Mientras los d\u00edas se hacen m\u00e1s largos y los \u00e1rboles comienzan a florecer, el estado irradia energ\u00eda, eventos y actividades que capturan la esencia de la primavera.<\/p>\n<p>Ya sea que sea un lugare\u00f1o que busca explorar nuevas experiencias o un visitante ansioso por descubrir la belleza del estado, esta gu\u00eda de actividades en Colorado le ayudar\u00e1 a aprovechar al m\u00e1ximo su esp\u00edritu aventurero en abril.<\/p>\n<h2><strong>Del 2-12 de abril: Southern Colorado Quilt Show en Pueblo (exhibici\u00f3n de mantas y colchas \u00fanicas)<\/strong><\/h2>\n<figure id=\"attachment_81130\" aria-describedby=\"caption-attachment-81130\" style=\"width: 350px\" class=\"wp-caption alignleft\"><img loading=\"lazy\" decoding=\"async\" class=\"wp-image-81130\" src=\"https:\/\/uchealth-wp-uploads.s3.amazonaws.com\/wp-content\/uploads\/sites\/6\/2025\/03\/10102251\/quiltShowImage2-courtesy-Pride-City-Quilt-Guild-web.webp\" alt=\"Los edredones albergan historias y recuerdos, son elaboradas por manos artesanas que tejen conexiones a trav\u00e9s de las d\u00e9cadas. Foto cortes\u00eda de Pride City Quilt Guild.\" width=\"350\" height=\"263\" \/><figcaption id=\"caption-attachment-81130\" class=\"wp-caption-text\">Los edredones albergan historias y recuerdos, son elaborados por manos artesanas que tejen v\u00ednculos a lo largo de las d\u00e9cadas. Foto cortes\u00eda de Pride City Quilt Guild.<\/figcaption><\/figure>\n<p>El Southern Colorado Quilt Show es organizado por el <a id=\"\" href=\"https:\/\/www.pridecityquilters.org\/quilt-show\/\" target=\"_blank\" rel=\"noopener\">Pride City Quilt Guild<\/a>. El evento de 10 d\u00edas se lleva a cabo en el Museo de Historia de El Pueblo, en el centro de Pueblo. Este evento gratuito est\u00e1 abierto todos los d\u00edas de 10:00 a.m. a 4 p.m. y exhibe m\u00e1s de 100 colchas, mantas y edredones \u00fanicos elaborados por artesanos regionales. Cada una de estas piezas tiene su propia historia.<\/p>\n<p>Diferentes estilos de edredones forman parte de la exhibici\u00f3n, que est\u00e1 acompa\u00f1ada de sorteos y tasaciones. Se aceptan donaciones.<\/p>\n<div class=\"su-divider su-divider-style-default\" style=\"margin:15px 0;border-width:3px;border-color:#999999\"><\/div>\n<h2><strong>Del 3-8 de abril: La temporada de los Colorado Rockies comienza en Denver<\/strong><\/h2>\n<figure id=\"attachment_81129\" aria-describedby=\"caption-attachment-81129\" style=\"width: 350px\" class=\"wp-caption alignleft\"><img loading=\"lazy\" decoding=\"async\" class=\"wp-image-81129\" src=\"https:\/\/uchealth-wp-uploads.s3.amazonaws.com\/wp-content\/uploads\/sites\/6\/2025\/03\/10100434\/ColoradoRockiesGame1-courtesy-Colorado-Rockies-web.webp\" alt=\"El d\u00eda inaugural de la temporada de los Colorado Rockies ser\u00e1 el 3 de abril en el Coors Field de Denver. Foto cortes\u00eda de Colorado Rockies.\" width=\"350\" height=\"234\" \/><figcaption id=\"caption-attachment-81129\" class=\"wp-caption-text\">El d\u00eda inaugural de la temporada de los Colorado Rockies ser\u00e1 el 3 de abril en el Coors Field de Denver. Foto cortes\u00eda de Colorado Rockies.<\/figcaption><\/figure>\n<p>La serie inaugural en casa de los <a id=\"\" href=\"https:\/\/www.mlb.com\/rockies\" target=\"_blank\" rel=\"noopener\">Colorado Rockies<\/a> comienza el 3 de abril con el D\u00eda de apertura en el Coors Field. El partido contra Filadelfia ser\u00e1 el s\u00e9ptimo de los 162 encuentros del calendario de los Rockies para la temporada 2026 de las Grandes Ligas de B\u00e9isbol.<\/p>\n<p>El D\u00eda Inaugural, el 3 de abril, ofrece una variedad de actividades para disfrutar, que comienzan en McGregor Square con la presentaci\u00f3n en vivo de un DJ, as\u00ed como juegos y actividades para personas de todas las edades. Antes de las ceremonias previas al juego, disfrute de la m\u00fasica y de las pr\u00e1cticas de bateo.<\/p>\n<p>Los Rockies jugar\u00e1n dos partidos m\u00e1s en casa contra Filadelfia el 4 y 5 de abril, y luego jugar\u00e1n tres partidos contra Houston del 6 al 8 de abril.<\/p>\n<div class=\"su-divider su-divider-style-default\" style=\"margin:15px 0;border-width:3px;border-color:#999999\"><\/div>\n<h2><strong>El 10, 11, 17 y 18 de abril: Festival del Libro en Fort Collins\u00a0<\/strong><\/h2>\n<figure id=\"attachment_89408\" aria-describedby=\"caption-attachment-89408\" style=\"width: 350px\" class=\"wp-caption alignleft\"><img loading=\"lazy\" decoding=\"async\" class=\"wp-image-89408\" src=\"https:\/\/uchealth-wp-uploads.s3.amazonaws.com\/wp-content\/uploads\/sites\/6\/2025\/03\/17072835\/book-fest-screenshot-web.webp\" alt=\"Ya sea que los libros hayan sido sus favoritos a lo largo de su vida o que quiera leer m\u00e1s este a\u00f1o, el Fort Collins Book Fest ofrece opciones de lectura para todos. Foto cortes\u00eda de Howdy Neighbor Events.\" width=\"350\" height=\"240\" \/><figcaption id=\"caption-attachment-89408\" class=\"wp-caption-text\">Ya sea que los libros hayan sido sus favoritos a lo largo de su vida o que quiera leer m\u00e1s este a\u00f1o, el Fort Collins Book Fest ofrece opciones de lectura para todos. Foto cortes\u00eda de Howdy Neighbor Events.<\/figcaption><\/figure>\n<p>El Fort Collins Book Fest re\u00fane a lectores, escritores y pensadores para un fin de semana de inspiraci\u00f3n y conversaci\u00f3n. Cada a\u00f1o, el festival presenta a autores reconocidos a nivel nacional junto a voces locales, ofreciendo paneles, lecturas y talleres que exploran la literatura, la cultura y la creatividad.<\/p>\n<p>El tema de este a\u00f1o es Multitudes (s.): Los muchos &#8220;yoes&#8221; que llevamos dentro y las historias que nos ayudan a ver, comprender y conectar a trav\u00e9s de ellos.<\/p>\n<p>Los asistentes pueden esperar participar en debates cautivadores, en sesiones de firma de libros y en oportunidades para conocer a los autores. Los eventos se llevan a cabo en diversos recintos de Fort Collins y abarcan todos los g\u00e9neros literarios. Este evento es gratuito, aunque se recomienda adquirir entradas para asegurar un asiento.<\/p>\n<div class=\"su-divider su-divider-style-default\" style=\"margin:15px 0;border-width:3px;border-color:#999999\"><\/div>\n<h2><strong>El 11 de abril: Participe en el Steamboat Cardboard Classic en Steamboat Springs<\/strong><\/h2>\n<figure id=\"attachment_69044\" aria-describedby=\"caption-attachment-69044\" style=\"width: 350px\" class=\"wp-caption alignleft\"><img loading=\"lazy\" decoding=\"async\" class=\"wp-image-69044\" src=\"https:\/\/uchealth-wp-uploads.s3.amazonaws.com\/wp-content\/uploads\/sites\/6\/2023\/03\/14130100\/steamboat-cardboard-classic-web.webp\" alt=\"La Steamboat Cardboard Classic es una carrera de botes de cart\u00f3n divertida y \u00fanica que se realiza todos los a\u00f1os para celebrar la llegada de la primavera. Foto cortes\u00eda de Steamboat Ski Resort.\" width=\"350\" height=\"228\" \/><figcaption id=\"caption-attachment-69044\" class=\"wp-caption-text\">La Steamboat Cardboard Classic es una carrera de botes de cart\u00f3n divertida y \u00fanica que se realiza cada a\u00f1o para celebrar la llegada de la primavera. Foto cortes\u00eda de Steamboat Ski Resort.<\/figcaption><\/figure>\n<p>\u00bfBusca otro evento entretenido en Steamboat? La <a id=\"\" href=\"https:\/\/www.uchealth.org\/today\/tips-for-skiing-steamboat-resort\/\" target=\"_blank\" rel=\"noopener\">zona de esqu\u00ed de Steamboat<\/a> celebra su 44.\u00ba aniversario, un evento de primavera que nunca deja de divertir. Los participantes construyen barcos de cart\u00f3n con cinta adhesiva, los decoran con rotuladores, cuerdas y globos y luego los hacen correr cuesta abajo hasta llegar a un final estridente. Este espect\u00e1culo atrae a turistas y residentes, quienes disfrutan de la hilaridad que ofrece. Para rematar el evento, se entregan premios en las categor\u00edas de M\u00e1s creativo, Mejor disfraz y Favorito del p\u00fablico.<\/p>\n<div class=\"su-divider su-divider-style-default\" style=\"margin:15px 0;border-width:3px;border-color:#999999\"><\/div>\n<div class=\"mceTemp\"><\/div>\n<h2><strong>El 11 de abril: Festival infantil del norte de Colorado en Greeley<\/strong><\/h2>\n<figure id=\"attachment_81147\" aria-describedby=\"caption-attachment-81147\" style=\"width: 350px\" class=\"wp-caption alignleft\"><img loading=\"lazy\" decoding=\"async\" class=\"wp-image-81147\" src=\"https:\/\/uchealth-wp-uploads.s3.amazonaws.com\/wp-content\/uploads\/sites\/6\/2025\/03\/11093214\/Childrensfest-todoApril-2024-5-web.webp\" alt=\"El Festival Infantil, patrocinado por United Way of Weld County, est\u00e1 dirigido a beb\u00e9s y ni\u00f1os y ni\u00f1as de hasta 8 a\u00f1os y a sus personas cuidadoras. Foto cortes\u00eda de United Way of Weld County.\" width=\"350\" height=\"379\" \/><figcaption id=\"caption-attachment-81147\" class=\"wp-caption-text\">El Festival Infantil, patrocinado por United Way of Weld County, est\u00e1 dirigido a beb\u00e9s, ni\u00f1os y ni\u00f1as de hasta 8 a\u00f1os, as\u00ed como a sus cuidadores. Foto cortes\u00eda de United Way of Weld County.<\/figcaption><\/figure>\n<p>\u00bfBusca un momento de diversi\u00f3n de calidad para sus hijos e hijas? Entonces, dir\u00edjase al Island Grove Event Center en Greeley el 11 de abril de 10:00 a. m. a 3 p. m. para disfrutar de un d\u00eda de diversi\u00f3n y emoci\u00f3n en el Festival Infantil del Norte de Colorado.<\/p>\n<p>United Way of Weld County sabe que el tiempo de calidad que pasan los padres con los ni\u00f1os y las ni\u00f1as, genera resultados positivos para todos, por lo que est\u00e1 organizando un evento para compartir. <a id=\"\" href=\"https:\/\/www.unitedway-weld.org\/programs\/northern-colorado-childrens-festival\/\" target=\"_blank\" rel=\"noopener\">Este festival<\/a> infantil ofrece experiencias de juego de calidad para beb\u00e9s, ni\u00f1os y ni\u00f1as de hasta 8 a\u00f1os. Estas actividades de juego se pueden reproducir en casa. El evento es gratuito y cada familia recibe una bolsa con informaci\u00f3n sobre recursos para padres. Habr\u00e1 m\u00e1s de 90 puestos, actividades pr\u00e1cticas, ex\u00e1menes de salud infantil y libros gratuitos. Disfrute de entretenimiento adecuado para cada edad, con cantantes y bailarines.<\/p>\n<div class=\"su-divider su-divider-style-default\" style=\"margin:15px 0;border-width:3px;border-color:#999999\"><\/div>\n<h2><strong>Del 18 al 25 de abril: Celebre el D\u00eda de la Tierra en Colorado Springs, Denver, Englewood, el condado de Jefferson, Lafayette y Westminster<\/strong><\/h2>\n<figure id=\"attachment_89382\" aria-describedby=\"caption-attachment-89382\" style=\"width: 350px\" class=\"wp-caption alignleft\"><img loading=\"lazy\" decoding=\"async\" class=\"wp-image-89382\" src=\"https:\/\/uchealth-wp-uploads.s3.amazonaws.com\/wp-content\/uploads\/sites\/6\/2026\/03\/16163950\/20250417_spring-gardens_178-web.webp\" alt=\"Los arbustos de lilas florecen en deslumbrantes tonos de p\u00farpura en el Denver Botanic Gardens cada primavera. Pasee por los jardines y disfrute del aroma de estos arbustos emblem\u00e1ticos de la primavera. Foto cortes\u00eda del Denver Botanic Gardens.\" width=\"350\" height=\"270\" \/><figcaption id=\"caption-attachment-89382\" class=\"wp-caption-text\">Los arbustos de lilas florecen en deslumbrantes tonos de p\u00farpura en el Denver Botanic Gardens cada primavera. Pasee por los jardines y disfrute del aroma de estos arbustos emblem\u00e1ticos de la primavera. Foto cortes\u00eda del Denver Botanic Gardens.<\/figcaption><\/figure>\n<p>La ciudad de Lafayette celebra el Mes de la Tierra durante todo abril. Participe en la distribuci\u00f3n gratuita de compost y mantillo o asista a un taller sobre barriles de recolecci\u00f3n de agua de lluvia. Adem\u00e1s, aprenda qu\u00e9 hacer con los art\u00edculos dif\u00edciles de reciclar. <a id=\"https:\/\/www.lafayetteco.gov\/2777\/Celebrating-Earth-Month\" href=\"https:\/\/www.lafayetteco.gov\/2777\/Celebrating-Earth-Month\" target=\"_blank\" rel=\"noopener\">Consulte las fechas y los detalles<\/a>.<\/p>\n<p>En el condado de Jefferson, puede celebrar el D\u00eda de la Tierra el 18 de abril colaborando en la mejora de los senderos y apoyando un proyecto de restauraci\u00f3n. Se ofrecer\u00e1n desayuno y almuerzo y habr\u00e1 un sorteo. Los ni\u00f1os son bienvenidos, pero deben ir acompa\u00f1ados por un adulto y ser capaces de caminar por senderos y de utilizar herramientas. <a id=\"https:\/\/www.jeffco.us\/Calendar.aspx?EID=15391\" href=\"https:\/\/www.jeffco.us\/Calendar.aspx?EID=15391\" target=\"_blank\" rel=\"noopener\">Obtenga m\u00e1s informaci\u00f3n e inscr\u00edbase<\/a>.<\/p>\n<p>En Colorado Springs, los amantes de la naturaleza pueden aventurarse al <a id=\"https:\/\/gardenofgods.com\/events\/calendar\/earth-day-celebration-26\/\" href=\"https:\/\/gardenofgods.com\/events\/calendar\/earth-day-celebration-26\/\" target=\"_blank\" rel=\"noopener\">Garden of the Gods el 18 de abril.<\/a><br \/>\nEste evento familiar gratuito contar\u00e1 con actividades interactivas, demostraciones, puestos educativos, manualidades y experiencias con animales vivos. Abierto a todas las edades. No se requiere inscripci\u00f3n previa.<\/p>\n<p>En Denver, d\u00e9 la bienvenida a la primavera contemplando las lilas y otras flores de temporada en el <a id=\"https:\/\/www.botanicgardens.org\/\" href=\"https:\/\/www.botanicgardens.org\/\">Denver Botanic Gardens<\/a> durante todo el mes de abril. \u00a0Este a\u00f1o, una plaga ha da\u00f1ado los tulipanes, lo que significa que no ver\u00e1 las grandes exhibiciones de estas alegres flores primaverales en el Jard\u00edn Bot\u00e1nico de Denver. Pero no se preocupe, aun as\u00ed podr\u00e1 pasear por hermosos jardines repletos de otras encantadoras flores de primavera.<\/p>\n<p>La celebraci\u00f3n del D\u00eda de la Tierra en el Denver Botanic Gardens tendr\u00e1 lugar el 22 de abril, fecha que adem\u00e1s coincide con un d\u00eda de entrada gratuita. Las entradas gratuitas para la sede de York Street ya se han agotado este a\u00f1o; no obstante, tambi\u00e9n puede visitar la sede de Chatfield Farms el 22 de abril. <a id=\"https:\/\/www.botanicgardens.org\/events\/special-events\/earth-day-celebration#:~:text=Celebrate%20Earth%20Day%20with%20the,eye%20out%20for%20the%20Botanicycle\" href=\"https:\/\/www.botanicgardens.org\/events\/special-events\/earth-day-celebration#:~:text=Celebrate%20Earth%20Day%20with%20the,eye%20out%20for%20the%20Botanicycle\">Obtenga m\u00e1s informaci\u00f3n y consiga sus entradas gratuitas<\/a>.<\/p>\n<p>Englewood acoger\u00e1 su celebraci\u00f3n anual del D\u00eda de la Tierra, junto con la jornada anual de limpieza del r\u00edo organizada por South Platte Renew, en el Centennial Park el 25 de abril. Este evento de car\u00e1cter familiar constituye una excelente oportunidad para conectar con los vecinos, celebrar nuestro planeta y ense\u00f1ar a los ni\u00f1os sobre iniciativas medioambientales. <a id=\"https:\/\/www.englewoodco.gov\/our-city\/events\/upcoming\/earth-day-celebration\" href=\"https:\/\/www.englewoodco.gov\/our-city\/events\/upcoming\/earth-day-celebration\" target=\"_blank\" rel=\"noopener\">Obtenga m\u00e1s informaci\u00f3n<\/a>.<\/p>\n<p>En el <a id=\"https:\/\/adamscountyco.gov\/our-county\/facilities-fleet-management\/sustainability\/events\/earth-day-celebration\/\" href=\"https:\/\/adamscountyco.gov\/our-county\/facilities-fleet-management\/sustainability\/events\/earth-day-celebration\/\" target=\"_blank\" rel=\"noopener\">Westminster City Park<\/a>, los entusiastas del D\u00eda de la Tierra tambi\u00e9n podr\u00e1n unirse a la celebraci\u00f3n el 25 de abril. Disfrute de paseos en veh\u00edculos el\u00e9ctricos, m\u00fasica, comida gratuita, tatuajes temporales con aer\u00f3grafo y exposiciones educativas.<\/p>\n<h2><strong>El 24 y 25 de abril: FoCoMX en Fort Collins<\/strong><\/h2>\n<figure id=\"attachment_89424\" aria-describedby=\"caption-attachment-89424\" style=\"width: 367px\" class=\"wp-caption alignleft\"><img loading=\"lazy\" decoding=\"async\" class=\"wp-image-89424 \" src=\"https:\/\/uchealth-wp-uploads.s3.amazonaws.com\/wp-content\/uploads\/sites\/6\/2025\/03\/17085225\/FoCox-MX.webp\" alt=\"FoCoMX tiene algo especial para todos los amantes de la m\u00fasica. Foto: Backstage Flash.\" width=\"367\" height=\"288\" \/><figcaption id=\"caption-attachment-89424\" class=\"wp-caption-text\">FoCoMX tiene algo especial para todos los amantes de la m\u00fasica. Foto: Backstage Flash.<\/figcaption><\/figure>\n<p>Este <a id=\"\" href=\"https:\/\/focoma.org\/focomx\" target=\"_blank\" rel=\"noopener\">festival de m\u00fasica de dos d\u00edas<\/a> rinde homenaje a cientos de bandas y artistas de Colorado de todos los g\u00e9neros. En Old Town Fort Collins y en las cuadras circundantes, m\u00e1s de 350 bandas tocan en 35 lugares durante los dos d\u00edas. Algunos conciertos son gratuitos, pero una pulsera del evento le permitir\u00e1 entrar en todos los lugares (algunos tienen una restricci\u00f3n de edad de 21 a\u00f1os o m\u00e1s). Tambi\u00e9n puede ofrecerse como voluntario para un turno de cuatro horas y as\u00ed obtener un pase gratuito.<\/p>\n<p>La programaci\u00f3n se publicar\u00e1 el 14 de marzo. Pruebe la aplicaci\u00f3n (app) durante el evento para personalizar su programaci\u00f3n.<\/p>\n<div class=\"su-divider su-divider-style-default\" style=\"margin:15px 0;border-width:3px;border-color:#999999\"><\/div>\n<h2><strong>Del 23 al 25 de abril: Festival de Jazz de la UNC en Greeley<\/strong><\/h2>\n<figure id=\"attachment_81138\" aria-describedby=\"caption-attachment-81138\" style=\"width: 350px\" class=\"wp-caption alignleft\"><img loading=\"lazy\" decoding=\"async\" class=\"wp-image-81138\" src=\"https:\/\/uchealth-wp-uploads.s3.amazonaws.com\/wp-content\/uploads\/sites\/6\/2025\/03\/10132905\/UNC-jazz-fest-courtesyUniversity-of-Northern-Colorado-web.webp\" alt=\"Atenci\u00f3n a todos los amantes del jazz. No dejen de asistir al Festival de Jazz de la UNC que se celebrar\u00e1 en abril en Colorado. Foto cortes\u00eda de la UNC.\" width=\"350\" height=\"233\" \/><figcaption id=\"caption-attachment-81138\" class=\"wp-caption-text\">Atenci\u00f3n a todos los amantes del jazz. No dejen de asistir al Festival de Jazz de la UNC que se celebrar\u00e1 en abril en Colorado. Foto cortes\u00eda de la UNC.<\/figcaption><\/figure>\n<p>La Universidad del Norte de Colorado, en Greeley, organiza uno de los eventos m\u00e1s grandes de su tipo en el pa\u00eds. Este <a id=\"\" href=\"https:\/\/arts.unco.edu\/jazzfest\/\" target=\"_blank\" rel=\"noopener\">festival de jazz<\/a> re\u00fane a m\u00e1s de 150 bandas escolares y grupos vocales de todo el pa\u00eds, incluidos artistas reconocidos a nivel internacional.<\/p>\n<p>Habr\u00e1 conciertos, sesiones extraescolares, actuaciones diurnas y talleres did\u00e1cticos. Es necesario adquirir entradas.<\/p>\n<div class=\"su-divider su-divider-style-default\" style=\"margin:15px 0;border-width:3px;border-color:#999999\"><\/div>\n<h2><strong>El 25 de abril: Exposici\u00f3n y venta de arte del Gobernador de Colorado en Loveland, Colorado<\/strong><\/h2>\n<figure id=\"attachment_89363\" aria-describedby=\"caption-attachment-89363\" style=\"width: 350px\" class=\"wp-caption alignleft\"><img loading=\"lazy\" decoding=\"async\" class=\"wp-image-89363\" src=\"https:\/\/uchealth-wp-uploads.s3.amazonaws.com\/wp-content\/uploads\/sites\/6\/2025\/03\/16114819\/2025-Governors-Art-Show_5-web.webp\" alt=\"La Exposici\u00f3n y Venta de Arte del Gobernador de Colorado es una de las mayores exposiciones de bellas artes que presenta exclusivamente a artistas de Colorado. Foto cortes\u00eda de la Exposici\u00f3n de Arte del Gobernador.\" width=\"350\" height=\"381\" \/><figcaption id=\"caption-attachment-89363\" class=\"wp-caption-text\">La Exposici\u00f3n y Venta de Arte del Gobernador de Colorado es una de las mayores exposiciones de bellas artes que presenta exclusivamente a artistas de Colorado. Foto cortes\u00eda de la Exposici\u00f3n de Arte del Gobernador.<\/figcaption><\/figure>\n<p>Sesenta y cinco de los artistas m\u00e1s destacados de Colorado exhibir\u00e1n sus obras en el Museo de Loveland del 25 de abril al 6 de junio.<\/p>\n<p>Considerada desde hace mucho tiempo como un <a id=\"https:\/\/governorsartshow.org\/\" href=\"https:\/\/governorsartshow.org\/\" target=\"_blank\" rel=\"noopener\">pilar de la escena art\u00edstica de Loveland<\/a>, la exposici\u00f3n ofrece a los visitantes la oportunidad de admirar y adquirir obras originales de grandes artistas del estado, al tiempo que apoya las causas ben\u00e9ficas de los Clubes Rotarios de Loveland y Thompson Valley, que respaldan la educaci\u00f3n y las artes.<\/p>\n<div class=\"su-divider su-divider-style-default\" style=\"margin:15px 0;border-width:3px;border-color:#999999\"><\/div>\n<h2><strong>Del 29 de abril al 3 de mayo: Festival de m\u00fasica y flores de Ca\u00f1on City\u00a0<\/strong><\/h2>\n<figure id=\"attachment_81146\" aria-describedby=\"caption-attachment-81146\" style=\"width: 350px\" class=\"wp-caption alignleft\"><img loading=\"lazy\" decoding=\"async\" class=\"wp-image-81146\" src=\"https:\/\/uchealth-wp-uploads.s3.amazonaws.com\/wp-content\/uploads\/sites\/6\/2025\/03\/11092909\/CanonCityBlossomFest1-photo-Ground2Air-Productions-web.webp\" alt=\"Conozca la competencia de m\u00fasica escolar organizada por la comunidad m\u00e1s grande del estado. Foto: Ground2Air Productions.\" width=\"350\" height=\"237\" \/><figcaption id=\"caption-attachment-81146\" class=\"wp-caption-text\">Conozca la competencia de m\u00fasica escolar organizada por la comunidad m\u00e1s grande del estado. Foto: Ground2Air Productions.<\/figcaption><\/figure>\n<p>Este no es el t\u00edpico festival de m\u00fasica. El <a id=\"\" href=\"https:\/\/www.ccblossomfestival.com\/\" target=\"_blank\" rel=\"noopener\">Festival de M\u00fasica y Floraci\u00f3n de Ca\u00f1on City<\/a> es la competencia de m\u00fasica escolar m\u00e1s grande del estado organizada por la comunidad. Bandas de escuelas secundarias, intermedias y preparatorias de todo el condado vienen a tocar y competir en conciertos, bandas de jazz y de desfile, orquestas y coros de concierto.<\/p>\n<p>Los concursos de m\u00fasica dan inicio al evento y se prolongan hasta el s\u00e1bado. Adem\u00e1s, el s\u00e1bado hay una carrera, un desfile y muchas actividades en el parque. Tambi\u00e9n puede disfrutar de una carrera, un desfile y muchas otras actividades en el parque el s\u00e1bado.<\/p>\n<div class=\"su-divider su-divider-style-default\" style=\"margin:15px 0;border-width:3px;border-color:#999999\"><\/div>\n","protected":false},"excerpt":{"rendered":"<p>Estar en Colorado en abril, nos da la oportunidad de recargar energ\u00eda y renovarnos. Mientras los d\u00edas se hacen m\u00e1s largos y los \u00e1rboles comienzan a florecer, el estado irradia energ\u00eda, eventos y actividades que capturan la esencia de la primavera. Ya sea que sea un lugare\u00f1o que busca explorar nuevas experiencias o un visitante [&hellip;]<\/p>\n","protected":false},"author":2164,"featured_media":81132,"comment_status":"closed","ping_status":"closed","sticky":false,"template":"","format":"standard","meta":{"_acf_changed":false,"_relevanssi_hide_post":"","_relevanssi_hide_content":"","_relevanssi_pin_for_all":"","_relevanssi_pin_keywords":"","_relevanssi_unpin_keywords":"","_relevanssi_related_keywords":"","_relevanssi_related_include_ids":"","_relevanssi_related_exclude_ids":"","_relevanssi_related_no_append":"","_relevanssi_related_not_related":"","_relevanssi_related_posts":"","_relevanssi_noindex_reason":"","footnotes":""},"categories":[9192],"tags":[9223,9216,9132],"class_list":["post-81150","post","type-post","status-publish","format-standard","has-post-thumbnail","hentry","category-espanol","tag-actividades-en-colorado","tag-disfrute-colorado","tag-traducciones-en-espanol"],"acf":[],"yoast_head":"<!-- This site is optimized with the Yoast SEO Premium plugin v27.2 (Yoast SEO v27.2) - https:\/\/yoast.com\/product\/yoast-seo-premium-wordpress\/ -->\n<title>Abril da inicio a una primavera llena de aventuras en Colorado - UCHealth Today<\/title>\n<meta name=\"description\" content=\"Explore los mejores eventos y actividades en abril. Esta gu\u00eda ofrece de todo para divertirse en Colorado.\" \/>\n<meta name=\"robots\" content=\"index, follow, max-snippet:-1, max-image-preview:large, max-video-preview:-1\" \/>\n<link rel=\"canonical\" href=\"https:\/\/www.uchealth.org\/today\/es-abril-da-inicio-a-una-primavera-llena-de-aventuras-en-colorado\/\" \/>\n<meta property=\"og:locale\" content=\"en_US\" \/>\n<meta property=\"og:type\" content=\"article\" \/>\n<meta property=\"og:title\" content=\"Una primavera divertida: Eventos y actividades para disfrutar en Colorado en abril\" \/>\n<meta property=\"og:description\" content=\"Explore los mejores eventos y actividades en abril. Esta gu\u00eda ofrece de todo para divertirse en Colorado.\" \/>\n<meta property=\"og:url\" content=\"https:\/\/www.uchealth.org\/today\/es-abril-da-inicio-a-una-primavera-llena-de-aventuras-en-colorado\/\" \/>\n<meta property=\"og:site_name\" content=\"UCHealth Today\" \/>\n<meta property=\"article:publisher\" content=\"https:\/\/www.facebook.com\/uchealthorg\/\" \/>\n<meta property=\"article:published_time\" content=\"2026-03-17T15:15:37+00:00\" \/>\n<meta property=\"article:modified_time\" content=\"2026-03-17T15:20:17+00:00\" \/>\n<meta property=\"og:image\" content=\"https:\/\/uchealth-wp-uploads.s3.amazonaws.com\/wp-content\/uploads\/sites\/6\/2025\/03\/10105012\/GettyImages-2180764838-daughter-dad-hispanic-outdoor-crafts-art-web.jpg\" \/>\n\t<meta property=\"og:image:type\" content=\"image\/jpeg\" \/>\n<meta name=\"author\" content=\"Kati Blocker, UCHealth\" \/>\n<meta name=\"twitter:card\" content=\"summary_large_image\" \/>\n<meta name=\"twitter:creator\" content=\"@uchealth\" \/>\n<meta name=\"twitter:site\" content=\"@uchealth\" \/>\n<meta name=\"twitter:label1\" content=\"Written by\" \/>\n\t<meta name=\"twitter:data1\" content=\"Kati Blocker, UCHealth\" \/>\n\t<meta name=\"twitter:label2\" content=\"Est. reading time\" \/>\n\t<meta name=\"twitter:data2\" content=\"11 minutes\" \/>\n<script type=\"application\/ld+json\" class=\"yoast-schema-graph\">{\"@context\":\"https:\/\/schema.org\",\"@graph\":[{\"@type\":\"Article\",\"@id\":\"https:\/\/www.uchealth.org\/today\/es-abril-da-inicio-a-una-primavera-llena-de-aventuras-en-colorado\/#article\",\"isPartOf\":{\"@id\":\"https:\/\/www.uchealth.org\/today\/es-abril-da-inicio-a-una-primavera-llena-de-aventuras-en-colorado\/\"},\"author\":{\"name\":\"Kati Blocker, UCHealth\",\"@id\":\"https:\/\/www.uchealth.org\/today\/#\/schema\/person\/2974962d9c19ae1bbcec3250ab830fbc\"},\"headline\":\"Una primavera divertida: Eventos y actividades para disfrutar en Colorado en abril\",\"datePublished\":\"2026-03-17T15:15:37+00:00\",\"dateModified\":\"2026-03-17T15:20:17+00:00\",\"mainEntityOfPage\":{\"@id\":\"https:\/\/www.uchealth.org\/today\/es-abril-da-inicio-a-una-primavera-llena-de-aventuras-en-colorado\/\"},\"wordCount\":2136,\"publisher\":{\"@id\":\"https:\/\/www.uchealth.org\/today\/#organization\"},\"image\":{\"@id\":\"https:\/\/www.uchealth.org\/today\/es-abril-da-inicio-a-una-primavera-llena-de-aventuras-en-colorado\/#primaryimage\"},\"thumbnailUrl\":\"https:\/\/uchealth-wp-uploads.s3.amazonaws.com\/wp-content\/uploads\/sites\/6\/2025\/03\/10105012\/GettyImages-2180764838-daughter-dad-hispanic-outdoor-crafts-art-web.webp\",\"keywords\":[\"Actividades en Colorado\",\"Disfrute Colorado\",\"Traducciones en espa\u00f1ol\"],\"articleSection\":[\"Espa\u00f1ol\"],\"inLanguage\":\"en-US\"},{\"@type\":\"WebPage\",\"@id\":\"https:\/\/www.uchealth.org\/today\/es-abril-da-inicio-a-una-primavera-llena-de-aventuras-en-colorado\/\",\"url\":\"https:\/\/www.uchealth.org\/today\/es-abril-da-inicio-a-una-primavera-llena-de-aventuras-en-colorado\/\",\"name\":\"Abril da inicio a una primavera llena de aventuras en Colorado - UCHealth Today\",\"isPartOf\":{\"@id\":\"https:\/\/www.uchealth.org\/today\/#website\"},\"primaryImageOfPage\":{\"@id\":\"https:\/\/www.uchealth.org\/today\/es-abril-da-inicio-a-una-primavera-llena-de-aventuras-en-colorado\/#primaryimage\"},\"image\":{\"@id\":\"https:\/\/www.uchealth.org\/today\/es-abril-da-inicio-a-una-primavera-llena-de-aventuras-en-colorado\/#primaryimage\"},\"thumbnailUrl\":\"https:\/\/uchealth-wp-uploads.s3.amazonaws.com\/wp-content\/uploads\/sites\/6\/2025\/03\/10105012\/GettyImages-2180764838-daughter-dad-hispanic-outdoor-crafts-art-web.webp\",\"datePublished\":\"2026-03-17T15:15:37+00:00\",\"dateModified\":\"2026-03-17T15:20:17+00:00\",\"description\":\"Explore los mejores eventos y actividades en abril. Esta gu\u00eda ofrece de todo para divertirse en Colorado.\",\"breadcrumb\":{\"@id\":\"https:\/\/www.uchealth.org\/today\/es-abril-da-inicio-a-una-primavera-llena-de-aventuras-en-colorado\/#breadcrumb\"},\"inLanguage\":\"en-US\",\"potentialAction\":[{\"@type\":\"ReadAction\",\"target\":[\"https:\/\/www.uchealth.org\/today\/es-abril-da-inicio-a-una-primavera-llena-de-aventuras-en-colorado\/\"]}]},{\"@type\":\"ImageObject\",\"inLanguage\":\"en-US\",\"@id\":\"https:\/\/www.uchealth.org\/today\/es-abril-da-inicio-a-una-primavera-llena-de-aventuras-en-colorado\/#primaryimage\",\"url\":\"https:\/\/uchealth-wp-uploads.s3.amazonaws.com\/wp-content\/uploads\/sites\/6\/2025\/03\/10105012\/GettyImages-2180764838-daughter-dad-hispanic-outdoor-crafts-art-web.webp\",\"contentUrl\":\"https:\/\/uchealth-wp-uploads.s3.amazonaws.com\/wp-content\/uploads\/sites\/6\/2025\/03\/10105012\/GettyImages-2180764838-daughter-dad-hispanic-outdoor-crafts-art-web.webp\",\"width\":800,\"height\":533,\"caption\":\"The Children\u2019s Festival, sponsored by United Way of Weld County, is tailored to infants to 8-year-olds and their caregivers. Photo: Getty Images.\"},{\"@type\":\"BreadcrumbList\",\"@id\":\"https:\/\/www.uchealth.org\/today\/es-abril-da-inicio-a-una-primavera-llena-de-aventuras-en-colorado\/#breadcrumb\",\"itemListElement\":[{\"@type\":\"ListItem\",\"position\":1,\"name\":\"Home\",\"item\":\"https:\/\/www.uchealth.org\/today\/\"},{\"@type\":\"ListItem\",\"position\":2,\"name\":\"Una primavera divertida: Eventos y actividades para disfrutar en Colorado en abril\"}]},{\"@type\":\"WebSite\",\"@id\":\"https:\/\/www.uchealth.org\/today\/#website\",\"url\":\"https:\/\/www.uchealth.org\/today\/\",\"name\":\"UCHealth Today\",\"description\":\"UCHealth Today\",\"publisher\":{\"@id\":\"https:\/\/www.uchealth.org\/today\/#organization\"},\"potentialAction\":[{\"@type\":\"SearchAction\",\"target\":{\"@type\":\"EntryPoint\",\"urlTemplate\":\"https:\/\/www.uchealth.org\/today\/?s={search_term_string}\"},\"query-input\":{\"@type\":\"PropertyValueSpecification\",\"valueRequired\":true,\"valueName\":\"search_term_string\"}}],\"inLanguage\":\"en-US\"},{\"@type\":\"Organization\",\"@id\":\"https:\/\/www.uchealth.org\/today\/#organization\",\"name\":\"UCHealth\",\"url\":\"https:\/\/www.uchealth.org\/today\/\",\"logo\":{\"@type\":\"ImageObject\",\"inLanguage\":\"en-US\",\"@id\":\"https:\/\/www.uchealth.org\/today\/#\/schema\/logo\/image\/\",\"url\":\"https:\/\/uchealth-wp-uploads.s3.amazonaws.com\/wp-content\/uploads\/sites\/6\/2020\/04\/24135149\/UCHealth-square-logo-1000x1000-1.jpg\",\"contentUrl\":\"https:\/\/uchealth-wp-uploads.s3.amazonaws.com\/wp-content\/uploads\/sites\/6\/2020\/04\/24135149\/UCHealth-square-logo-1000x1000-1.jpg\",\"width\":1000,\"height\":1000,\"caption\":\"UCHealth\"},\"image\":{\"@id\":\"https:\/\/www.uchealth.org\/today\/#\/schema\/logo\/image\/\"},\"sameAs\":[\"https:\/\/www.facebook.com\/uchealthorg\/\",\"https:\/\/x.com\/uchealth\",\"https:\/\/www.instagram.com\/uchealth\/\",\"https:\/\/www.linkedin.com\/school\/14839\/\",\"https:\/\/www.pinterest.com\/uchealthorg\/\",\"https:\/\/www.youtube.com\/channel\/UC41SJI79yjZIe96OajzN22g\"]},{\"@type\":\"Person\",\"@id\":\"https:\/\/www.uchealth.org\/today\/#\/schema\/person\/2974962d9c19ae1bbcec3250ab830fbc\",\"name\":\"Kati Blocker, UCHealth\",\"image\":{\"@type\":\"ImageObject\",\"inLanguage\":\"en-US\",\"@id\":\"https:\/\/secure.gravatar.com\/avatar\/62cfc49002cce7d835ff120702e1e8cd4b871b3468a4fed7137fbfa60674c6b3?s=96&d=mm&r=g\",\"url\":\"https:\/\/secure.gravatar.com\/avatar\/62cfc49002cce7d835ff120702e1e8cd4b871b3468a4fed7137fbfa60674c6b3?s=96&d=mm&r=g\",\"contentUrl\":\"https:\/\/secure.gravatar.com\/avatar\/62cfc49002cce7d835ff120702e1e8cd4b871b3468a4fed7137fbfa60674c6b3?s=96&d=mm&r=g\",\"caption\":\"Kati Blocker, UCHealth\"},\"description\":\"Kati Blocker has always been driven to learn and explore the world around her. And every day, as a writer for UCHealth, Kati meets inspiring people, learns about life-saving technology, and gets to know the amazing people who are saving lives each day. Even better, she gets to share their stories with the world. As a journalism major at the University of Wyoming, Kati wrote for her college newspaper. She also studied abroad in Swansea, Wales, while simultaneously writing for a Colorado metaphysical newspaper. After college, Kati was a reporter for the Montrose Daily Press and the Telluride Watch, covering education and health care in rural Colorado, as well as city news and business. When she's not writing, Kati is creating her own stories with her husband Joel and their two children.\",\"url\":\"https:\/\/www.uchealth.org\/today\/author\/katieblocker\/\"}]}<\/script>\n<!-- \/ Yoast SEO Premium plugin. -->","yoast_head_json":{"title":"Abril da inicio a una primavera llena de aventuras en Colorado - UCHealth Today","description":"Explore los mejores eventos y actividades en abril. Esta gu\u00eda ofrece de todo para divertirse en Colorado.","robots":{"index":"index","follow":"follow","max-snippet":"max-snippet:-1","max-image-preview":"max-image-preview:large","max-video-preview":"max-video-preview:-1"},"canonical":"https:\/\/www.uchealth.org\/today\/es-abril-da-inicio-a-una-primavera-llena-de-aventuras-en-colorado\/","og_locale":"en_US","og_type":"article","og_title":"Una primavera divertida: Eventos y actividades para disfrutar en Colorado en abril","og_description":"Explore los mejores eventos y actividades en abril. Esta gu\u00eda ofrece de todo para divertirse en Colorado.","og_url":"https:\/\/www.uchealth.org\/today\/es-abril-da-inicio-a-una-primavera-llena-de-aventuras-en-colorado\/","og_site_name":"UCHealth Today","article_publisher":"https:\/\/www.facebook.com\/uchealthorg\/","article_published_time":"2026-03-17T15:15:37+00:00","article_modified_time":"2026-03-17T15:20:17+00:00","og_image":[{"url":"https:\/\/uchealth-wp-uploads.s3.amazonaws.com\/wp-content\/uploads\/sites\/6\/2025\/03\/10105012\/GettyImages-2180764838-daughter-dad-hispanic-outdoor-crafts-art-web.jpg","type":"image\/jpeg"}],"author":"Kati Blocker, UCHealth","twitter_card":"summary_large_image","twitter_creator":"@uchealth","twitter_site":"@uchealth","twitter_misc":{"Written by":"Kati Blocker, UCHealth","Est. reading time":"11 minutes"},"schema":{"@context":"https:\/\/schema.org","@graph":[{"@type":"Article","@id":"https:\/\/www.uchealth.org\/today\/es-abril-da-inicio-a-una-primavera-llena-de-aventuras-en-colorado\/#article","isPartOf":{"@id":"https:\/\/www.uchealth.org\/today\/es-abril-da-inicio-a-una-primavera-llena-de-aventuras-en-colorado\/"},"author":{"name":"Kati Blocker, UCHealth","@id":"https:\/\/www.uchealth.org\/today\/#\/schema\/person\/2974962d9c19ae1bbcec3250ab830fbc"},"headline":"Una primavera divertida: Eventos y actividades para disfrutar en Colorado en abril","datePublished":"2026-03-17T15:15:37+00:00","dateModified":"2026-03-17T15:20:17+00:00","mainEntityOfPage":{"@id":"https:\/\/www.uchealth.org\/today\/es-abril-da-inicio-a-una-primavera-llena-de-aventuras-en-colorado\/"},"wordCount":2136,"publisher":{"@id":"https:\/\/www.uchealth.org\/today\/#organization"},"image":{"@id":"https:\/\/www.uchealth.org\/today\/es-abril-da-inicio-a-una-primavera-llena-de-aventuras-en-colorado\/#primaryimage"},"thumbnailUrl":"https:\/\/uchealth-wp-uploads.s3.amazonaws.com\/wp-content\/uploads\/sites\/6\/2025\/03\/10105012\/GettyImages-2180764838-daughter-dad-hispanic-outdoor-crafts-art-web.webp","keywords":["Actividades en Colorado","Disfrute Colorado","Traducciones en espa\u00f1ol"],"articleSection":["Espa\u00f1ol"],"inLanguage":"en-US"},{"@type":"WebPage","@id":"https:\/\/www.uchealth.org\/today\/es-abril-da-inicio-a-una-primavera-llena-de-aventuras-en-colorado\/","url":"https:\/\/www.uchealth.org\/today\/es-abril-da-inicio-a-una-primavera-llena-de-aventuras-en-colorado\/","name":"Abril da inicio a una primavera llena de aventuras en Colorado - UCHealth Today","isPartOf":{"@id":"https:\/\/www.uchealth.org\/today\/#website"},"primaryImageOfPage":{"@id":"https:\/\/www.uchealth.org\/today\/es-abril-da-inicio-a-una-primavera-llena-de-aventuras-en-colorado\/#primaryimage"},"image":{"@id":"https:\/\/www.uchealth.org\/today\/es-abril-da-inicio-a-una-primavera-llena-de-aventuras-en-colorado\/#primaryimage"},"thumbnailUrl":"https:\/\/uchealth-wp-uploads.s3.amazonaws.com\/wp-content\/uploads\/sites\/6\/2025\/03\/10105012\/GettyImages-2180764838-daughter-dad-hispanic-outdoor-crafts-art-web.webp","datePublished":"2026-03-17T15:15:37+00:00","dateModified":"2026-03-17T15:20:17+00:00","description":"Explore los mejores eventos y actividades en abril. Esta gu\u00eda ofrece de todo para divertirse en Colorado.","breadcrumb":{"@id":"https:\/\/www.uchealth.org\/today\/es-abril-da-inicio-a-una-primavera-llena-de-aventuras-en-colorado\/#breadcrumb"},"inLanguage":"en-US","potentialAction":[{"@type":"ReadAction","target":["https:\/\/www.uchealth.org\/today\/es-abril-da-inicio-a-una-primavera-llena-de-aventuras-en-colorado\/"]}]},{"@type":"ImageObject","inLanguage":"en-US","@id":"https:\/\/www.uchealth.org\/today\/es-abril-da-inicio-a-una-primavera-llena-de-aventuras-en-colorado\/#primaryimage","url":"https:\/\/uchealth-wp-uploads.s3.amazonaws.com\/wp-content\/uploads\/sites\/6\/2025\/03\/10105012\/GettyImages-2180764838-daughter-dad-hispanic-outdoor-crafts-art-web.webp","contentUrl":"https:\/\/uchealth-wp-uploads.s3.amazonaws.com\/wp-content\/uploads\/sites\/6\/2025\/03\/10105012\/GettyImages-2180764838-daughter-dad-hispanic-outdoor-crafts-art-web.webp","width":800,"height":533,"caption":"The Children\u2019s Festival, sponsored by United Way of Weld County, is tailored to infants to 8-year-olds and their caregivers. Photo: Getty Images."},{"@type":"BreadcrumbList","@id":"https:\/\/www.uchealth.org\/today\/es-abril-da-inicio-a-una-primavera-llena-de-aventuras-en-colorado\/#breadcrumb","itemListElement":[{"@type":"ListItem","position":1,"name":"Home","item":"https:\/\/www.uchealth.org\/today\/"},{"@type":"ListItem","position":2,"name":"Una primavera divertida: Eventos y actividades para disfrutar en Colorado en abril"}]},{"@type":"WebSite","@id":"https:\/\/www.uchealth.org\/today\/#website","url":"https:\/\/www.uchealth.org\/today\/","name":"UCHealth Today","description":"UCHealth Today","publisher":{"@id":"https:\/\/www.uchealth.org\/today\/#organization"},"potentialAction":[{"@type":"SearchAction","target":{"@type":"EntryPoint","urlTemplate":"https:\/\/www.uchealth.org\/today\/?s={search_term_string}"},"query-input":{"@type":"PropertyValueSpecification","valueRequired":true,"valueName":"search_term_string"}}],"inLanguage":"en-US"},{"@type":"Organization","@id":"https:\/\/www.uchealth.org\/today\/#organization","name":"UCHealth","url":"https:\/\/www.uchealth.org\/today\/","logo":{"@type":"ImageObject","inLanguage":"en-US","@id":"https:\/\/www.uchealth.org\/today\/#\/schema\/logo\/image\/","url":"https:\/\/uchealth-wp-uploads.s3.amazonaws.com\/wp-content\/uploads\/sites\/6\/2020\/04\/24135149\/UCHealth-square-logo-1000x1000-1.jpg","contentUrl":"https:\/\/uchealth-wp-uploads.s3.amazonaws.com\/wp-content\/uploads\/sites\/6\/2020\/04\/24135149\/UCHealth-square-logo-1000x1000-1.jpg","width":1000,"height":1000,"caption":"UCHealth"},"image":{"@id":"https:\/\/www.uchealth.org\/today\/#\/schema\/logo\/image\/"},"sameAs":["https:\/\/www.facebook.com\/uchealthorg\/","https:\/\/x.com\/uchealth","https:\/\/www.instagram.com\/uchealth\/","https:\/\/www.linkedin.com\/school\/14839\/","https:\/\/www.pinterest.com\/uchealthorg\/","https:\/\/www.youtube.com\/channel\/UC41SJI79yjZIe96OajzN22g"]},{"@type":"Person","@id":"https:\/\/www.uchealth.org\/today\/#\/schema\/person\/2974962d9c19ae1bbcec3250ab830fbc","name":"Kati Blocker, UCHealth","image":{"@type":"ImageObject","inLanguage":"en-US","@id":"https:\/\/secure.gravatar.com\/avatar\/62cfc49002cce7d835ff120702e1e8cd4b871b3468a4fed7137fbfa60674c6b3?s=96&d=mm&r=g","url":"https:\/\/secure.gravatar.com\/avatar\/62cfc49002cce7d835ff120702e1e8cd4b871b3468a4fed7137fbfa60674c6b3?s=96&d=mm&r=g","contentUrl":"https:\/\/secure.gravatar.com\/avatar\/62cfc49002cce7d835ff120702e1e8cd4b871b3468a4fed7137fbfa60674c6b3?s=96&d=mm&r=g","caption":"Kati Blocker, UCHealth"},"description":"Kati Blocker has always been driven to learn and explore the world around her. And every day, as a writer for UCHealth, Kati meets inspiring people, learns about life-saving technology, and gets to know the amazing people who are saving lives each day. Even better, she gets to share their stories with the world. As a journalism major at the University of Wyoming, Kati wrote for her college newspaper. She also studied abroad in Swansea, Wales, while simultaneously writing for a Colorado metaphysical newspaper. After college, Kati was a reporter for the Montrose Daily Press and the Telluride Watch, covering education and health care in rural Colorado, as well as city news and business. When she's not writing, Kati is creating her own stories with her husband Joel and their two children.","url":"https:\/\/www.uchealth.org\/today\/author\/katieblocker\/"}]}},"coauthors":[{"id":2164,"name":"Kati Blocker","link":"https:\/\/www.uchealth.org\/today\/author\/katieblocker\/"}],"_links":{"self":[{"href":"https:\/\/www.uchealth.org\/today\/wp-json\/wp\/v2\/posts\/81150","targetHints":{"allow":["GET"]}}],"collection":[{"href":"https:\/\/www.uchealth.org\/today\/wp-json\/wp\/v2\/posts"}],"about":[{"href":"https:\/\/www.uchealth.org\/today\/wp-json\/wp\/v2\/types\/post"}],"author":[{"embeddable":true,"href":"https:\/\/www.uchealth.org\/today\/wp-json\/wp\/v2\/users\/2164"}],"replies":[{"embeddable":true,"href":"https:\/\/www.uchealth.org\/today\/wp-json\/wp\/v2\/comments?post=81150"}],"version-history":[{"count":11,"href":"https:\/\/www.uchealth.org\/today\/wp-json\/wp\/v2\/posts\/81150\/revisions"}],"predecessor-version":[{"id":89361,"href":"https:\/\/www.uchealth.org\/today\/wp-json\/wp\/v2\/posts\/81150\/revisions\/89361"}],"wp:featuredmedia":[{"embeddable":true,"href":"https:\/\/www.uchealth.org\/today\/wp-json\/wp\/v2\/media\/81132"}],"wp:attachment":[{"href":"https:\/\/www.uchealth.org\/today\/wp-json\/wp\/v2\/media?parent=81150"}],"wp:term":[{"taxonomy":"category","embeddable":true,"href":"https:\/\/www.uchealth.org\/today\/wp-json\/wp\/v2\/categories?post=81150"},{"taxonomy":"post_tag","embeddable":true,"href":"https:\/\/www.uchealth.org\/today\/wp-json\/wp\/v2\/tags?post=81150"}],"curies":[{"name":"wp","href":"https:\/\/api.w.org\/{rel}","templated":true}]}}