{"id":77981,"date":"2025-06-30T11:00:38","date_gmt":"2025-06-30T17:00:38","guid":{"rendered":"https:\/\/www.uchealth.org\/today\/?p=77981"},"modified":"2025-06-30T11:41:00","modified_gmt":"2025-06-30T17:41:00","slug":"es-como-saber-si-padece-mal-de-altura-y-cuando-deberia-preocuparse","status":"publish","type":"post","link":"https:\/\/www.uchealth.org\/today\/es-como-saber-si-padece-mal-de-altura-y-cuando-deberia-preocuparse\/","title":{"rendered":"\u00bfC\u00f3mo saber si padece mal de altura y cu\u00e1ndo deber\u00eda preocuparse?"},"content":{"rendered":"<div style=\"margin-top: 0px; margin-bottom: 0px;\" class=\"sharethis-inline-share-buttons\" ><\/div><figure id=\"attachment_70349\" aria-describedby=\"caption-attachment-70349\" style=\"width: 640px\" class=\"wp-caption aligncenter\"><img loading=\"lazy\" decoding=\"async\" class=\"wp-image-70349\" src=\"https:\/\/uchealth-wp-uploads.s3.amazonaws.com\/wp-content\/uploads\/sites\/6\/2023\/06\/16091941\/istock-woman-man-hiking-web.webp\" alt=\"Las monta\u00f1as de Colorado son impresionantes, pero tambi\u00e9n pueden causar mal dealtura. La prevenci\u00f3n y el conocer los signos del mal de altura son esenciales. Foto:iStock\" width=\"640\" height=\"394\" \/><figcaption id=\"caption-attachment-70349\" class=\"wp-caption-text\">Las monta\u00f1as de Colorado son impresionantes, pero tambi\u00e9n pueden causar mal dealtura. La prevenci\u00f3n y el conocer los signos del mal de altura son esenciales. Foto: iStock.<\/figcaption><\/figure>\n<p>La \u00faltima vez que fue a esquiar y tuvo dolor de cabeza todo el d\u00eda y no pudo dormir bien esa noche o cuando sus familiares de M\u00e9xico vinieron a visitar el verano pasado y se enfermaron en las monta\u00f1as, probablemente no fue un virus. Usted y ellos, podr\u00edan haber padecido mal de altura.<\/p>\n<p>Vivir en el Front Range, incluso a 5,000 o 6,000 pies de altura, no lo hace inmune al mal de altura, seg\u00fan el <a href=\"https:\/\/www.uchealth.org\/provider\/todd-bull-md-critical-care-medicine\/\">Dr. Todd Bull<\/a>, director m\u00e9dico del <a href=\"https:\/\/www.uchealth.org\/services\/respiratory-lung-care\/comprehensive-lung-breathing-program\/\">Programa Integral de Pulmon\u00eda y Respiraci\u00f3n<\/a> de UCHealth en Anschutz Medical Campus en el \u00e1rea metropolitana de Denver. Bull tambi\u00e9n es el director del programa de <a href=\"https:\/\/www.uchealth.org\/locations\/uchealth-pulmonary-vascular-disease-clinic-anschutz\/\">Enfermedades Vasculares Pulmonares<\/a> de UCHealth en el mismo campus y supervisa la <a id=\"\" href=\"https:\/\/www.coloradowm.org\/programs\/clinic\/\" target=\"_blank\" rel=\"noopener\">High Altitude Clinic<\/a> en el programa de PVD.<\/p>\n<p>\u201cMuchas personas en Colorado experimentan diferentes etapas del mal de altura todos los d\u00edas. Puede tenerlo incluso solo al subir de Denver a 10,000 o 11,000 pies\u201d, dijo Bull, nativo de Grand Junction.<\/p>\n<p>Aunque es bastante com\u00fan, a menudo no se identifica como mal de altura, lo que dificulta saber con qu\u00e9 frecuencia ocurre realmente.<\/p>\n<p>\u201cEs dif\u00edcil dar n\u00fameros exactos\u201d, dijo Bull, aunque \u201cla incidencia reportada en visitantes que duermen a 8,000 pies o m\u00e1s es entre el 15 y el 40 por ciento. La incidencia depende de cu\u00e1n alto suban las personas (y desde qu\u00e9 altitud comienzan) y qu\u00e9 tan r\u00e1pido asciendan\u201d.<\/p>\n<figure id=\"attachment_70374\" aria-describedby=\"caption-attachment-70374\" style=\"width: 189px\" class=\"wp-caption alignright\"><img loading=\"lazy\" decoding=\"async\" class=\"wp-image-70374 size-full\" src=\"https:\/\/uchealth-wp-uploads.s3.amazonaws.com\/wp-content\/uploads\/sites\/6\/2017\/12\/16104556\/Dr-Todd-Bull-web.webp\" alt=\"Dr. Todd Bull, director m\u00e9dico del Programa Integral de Pulmon\u00eda y Respiraci\u00f3n de UCHealth.\" width=\"189\" height=\"250\" \/><figcaption id=\"caption-attachment-70374\" class=\"wp-caption-text\">Dr. Todd Bull, director m\u00e9dico del Programa Integral de Pulmon\u00eda y Respiraci\u00f3n de UCHealth.<\/figcaption><\/figure>\n<p>Los s\u00edntomas m\u00e1s leves incluyen dolor de cabeza, insomnio y n\u00e1useas, pero tambi\u00e9n pueden surgir consecuencias m\u00e1s graves.<\/p>\n<p>El mal de altura puede evolucionar a mal agudo de monta\u00f1a, que incluye edema cerebral (HACE) o edema pulmonar (HAPE), ambos potencialmente mortales, dijo.<\/p>\n<p>Los factores de riesgo est\u00e1n relacionados con la velocidad de ascenso<\/p>\n<p>\u201cSi alguien llega desde Florida o Texas y sube directo a Winter Park o Vail, es m\u00e1s probable que le pase en comparaci\u00f3n a que se aclimate m\u00e1s despacio\u201d, dijo. Si viene del nivel del mar, recomend\u00f3 quedarse en Denver o Colorado Springs o en alg\u00fan lugar del Front Range por una noche para aclimatarse a esa altitud. Con unas 24 horas deber\u00eda ser suficiente.<\/p>\n<p>\u201cEso ayuda a reducir la incidencia y la gravedad\u201d, dijo.<\/p>\n<p>Tambi\u00e9n recomend\u00f3 evitar el consumo de alcohol en grandes cantidades durante las primeras 24 a 48 horas, ya que puede empeorar el problema. Adem\u00e1s, evite los sedantes, como las benzodiazepinas: \u201calgunas veces estos pueden agravar m\u00e1s la situaci\u00f3n\u201d.<\/p>\n<h2><strong>\u00bfQui\u00e9n puede pedecer mal de altura?<\/strong><\/h2>\n<p>No hay una respuesta definitiva a eso, dijo. No parece estar relacionado con la edad o el sexo, aunque las personas con problemas card\u00edacos o pulmonares pueden ser m\u00e1s vulnerables.<\/p>\n<p>\u201cAparte de eso, no parece haber otros riesgos predefinidos que podamos identificar en este momento\u201d, dijo Bull, aunque es un \u00e1rea de investigaci\u00f3n activa en University of Colorado. \u201cY si ya lo ha tenido antes, hay m\u00e1s probabilidad de que le vuelva a dar\u201d.<\/p>\n<p><img loading=\"lazy\" decoding=\"async\" class=\"alignleft wp-image-13454 size-medium\" src=\"https:\/\/uchealth-wp-uploads.s3.amazonaws.com\/wp-content\/uploads\/sites\/6\/2017\/12\/15014640\/ThinkstockPhotos-509090710.jpgeee-300x200.webp\" alt=\"Las monta\u00f1as de Colorado son impresionantes, pero tambi\u00e9n pueden causar mal dealtura. La prevenci\u00f3n y el conocer los signos del mal de altura son esenciales. Foto:iStock\" width=\"300\" height=\"200\" srcset=\"https:\/\/uchealth-wp-uploads.s3.amazonaws.com\/wp-content\/uploads\/sites\/6\/2017\/12\/15014640\/ThinkstockPhotos-509090710.jpgeee-300x200.webp 300w, https:\/\/uchealth-wp-uploads.s3.amazonaws.com\/wp-content\/uploads\/sites\/6\/2017\/12\/15014640\/ThinkstockPhotos-509090710.jpgeee-1024x683.webp 1024w, https:\/\/uchealth-wp-uploads.s3.amazonaws.com\/wp-content\/uploads\/sites\/6\/2017\/12\/15014640\/ThinkstockPhotos-509090710.jpgeee-768x512.webp 768w, https:\/\/uchealth-wp-uploads.s3.amazonaws.com\/wp-content\/uploads\/sites\/6\/2017\/12\/15014640\/ThinkstockPhotos-509090710.jpgeee-150x100.webp 150w, https:\/\/uchealth-wp-uploads.s3.amazonaws.com\/wp-content\/uploads\/sites\/6\/2017\/12\/15014640\/ThinkstockPhotos-509090710.jpgeee-200x133.webp 200w, https:\/\/uchealth-wp-uploads.s3.amazonaws.com\/wp-content\/uploads\/sites\/6\/2017\/12\/15014640\/ThinkstockPhotos-509090710.jpgeee.webp 1200w\" sizes=\"auto, (max-width: 300px) 100vw, 300px\" \/><\/p>\n<p>El principio detr\u00e1s del mal de altura es simple, aunque hay muchos aspectos que a\u00fan no se comprenden bien.<\/p>\n<p>\u201cLo que realmente sucede es que hay niveles m\u00e1s bajos de ox\u00edgeno y presi\u00f3n atmosf\u00e9rica, casi cualquier persona puede ser vulnerable bajo las condiciones adecuadas. Hay una vasoconstricci\u00f3n local debido a la hipoxia (o bajo nivel de ox\u00edgeno). Esto puede provocar tanto las formas leves del mal de altura como los efectos m\u00e1s graves. Y cuanto m\u00e1s r\u00e1pido y alto subas, mayor es el riesgo\u201d.<\/p>\n<p>UCHealth tiene una Cl\u00ednica llamada High Altitude Clinic espec\u00edficamente para evaluar el mal de altura.<\/p>\n<p>\u201cPacientes de todo el mundo vienen aqu\u00ed\u201d, dijo. \u201cHemos tenido pacientes que han intentado escalar el Everest y no lo lograron, buscando por ayuda\u201d.<\/p>\n<p>De hecho, a\u00f1adi\u00f3, \u201cNuestro programa de investigaci\u00f3n cardiovascular y pulmonar ayud\u00f3 a definir gran parte de lo que ahora sabemos sobre los efectos vasculares pulmonares de la altitud\u201d.<\/p>\n<h2><strong>\u00bfEs menos probable que experimente problemas a 10,000 pies si ya vive a 5,000 o 6,000 pies?<\/strong><\/h2>\n<p>\u201cEs menos probable. Las personas que vienen de altitudes m\u00e1s bajas son m\u00e1s susceptibles, por supuesto\u201d, dijo. Los visitantes incluso pueden experimentar mal de altura en el Front Range, pero los s\u00edntomas suelen ser leves y no duran mucho. \u201cLos problemas graves realmente rara vez ocurren a esta altitud\u201d.<\/p>\n<h2><strong>\u00bfC\u00f3mo puedo prevenir el mal de altura?<\/strong><\/h2>\n<p><strong>Hidrataci\u00f3n:<\/strong> \u201cmantenerse hidratado es bueno y al principio trata de evitar el alcohol\u201d.<\/p>\n<p><strong>Aclimataci\u00f3n:<\/strong> suba en incrementos, permitiendo que el cuerpo se ajuste a cada nivel antes de pasar al siguiente.<\/p>\n<p><strong>Esfuerzo:<\/strong> \u201cmientras se aclimatan, limitar el nivel de esfuerzo puede ayudar. Adem\u00e1s, trate de descansar bien\u201d.<\/p>\n<p><strong>Medicamentos:<\/strong> \u201chay medicamentos que podemos darle a los pacientes que consideramos de alto riesgo. Hable de esto con su m\u00e9dico\u201d.<\/p>\n<p><strong>Ox\u00edgeno:<\/strong> \u201csi la situaci\u00f3n es aguda o grave, se puede administrar ox\u00edgeno\u201d.<\/p>\n<p><strong>Descenso:<\/strong> \u201cdescienda de altitud. Este es el tratamiento m\u00e1s importante y efectivo siempre. Llegar a una altitud m\u00e1s baja es crucial en casos graves, y el ox\u00edgeno debe administrarse como medida temporal al mismo tiempo.<\/p>\n<p>Para aprender m\u00e1s sobre la Cl\u00ednica de Altura ofrecida a trav\u00e9s del <a href=\"https:\/\/www.uchealth.org\/services\/respiratory-lung-care\/comprehensive-lung-breathing-program\/\">Programa Integral de Pulmon\u00eda y Respiraci\u00f3n<\/a> en el \u00e1rea metropolitana de Denver, llame al 855.586.4824.<\/p>\n","protected":false},"excerpt":{"rendered":"<p>La \u00faltima vez que fue a esquiar y tuvo dolor de cabeza todo el d\u00eda y no pudo dormir bien esa noche o cuando sus familiares de M\u00e9xico vinieron a visitar el verano pasado y se enfermaron en las monta\u00f1as, probablemente no fue un virus. Usted y ellos, podr\u00edan haber padecido mal de altura. Vivir [&hellip;]<\/p>\n","protected":false},"author":18,"featured_media":70349,"comment_status":"closed","ping_status":"closed","sticky":false,"template":"","format":"standard","meta":{"_acf_changed":false,"_relevanssi_hide_post":"","_relevanssi_hide_content":"","_relevanssi_pin_for_all":"","_relevanssi_pin_keywords":"","_relevanssi_unpin_keywords":"","_relevanssi_related_keywords":"","_relevanssi_related_include_ids":"","_relevanssi_related_exclude_ids":"","_relevanssi_related_no_append":"","_relevanssi_related_not_related":"","_relevanssi_related_posts":"","_relevanssi_noindex_reason":"","footnotes":""},"categories":[9192],"tags":[9132],"class_list":["post-77981","post","type-post","status-publish","format-standard","has-post-thumbnail","hentry","category-espanol","tag-traducciones-en-espanol"],"acf":[],"yoast_head":"<!-- This site is optimized with the Yoast SEO Premium plugin v27.2 (Yoast SEO v27.2) - https:\/\/yoast.com\/product\/yoast-seo-premium-wordpress\/ -->\n<title>\u00bfC\u00f3mo saber si padece mal de altura y cu\u00e1ndo deber\u00eda preocuparse? - UCHealth Today<\/title>\n<meta name=\"description\" content=\"Cada d\u00eda, en Colorado, la gente experimenta diferentes niveles de mal de altura. Losexpertos de UCHealth explican c\u00f3mo reconocerlo y prevenirlo.\" \/>\n<meta name=\"robots\" content=\"index, follow, max-snippet:-1, max-image-preview:large, max-video-preview:-1\" \/>\n<link rel=\"canonical\" href=\"https:\/\/www.uchealth.org\/today\/es-como-saber-si-padece-mal-de-altura-y-cuando-deberia-preocuparse\/\" \/>\n<meta property=\"og:locale\" content=\"en_US\" \/>\n<meta property=\"og:type\" content=\"article\" \/>\n<meta property=\"og:title\" content=\"\u00bfC\u00f3mo saber si padece mal de altura y cu\u00e1ndo deber\u00eda preocuparse?\" \/>\n<meta property=\"og:description\" content=\"Cada d\u00eda, en Colorado, la gente experimenta diferentes niveles de mal de altura. Losexpertos de UCHealth explican c\u00f3mo reconocerlo y prevenirlo.\" \/>\n<meta property=\"og:url\" content=\"https:\/\/www.uchealth.org\/today\/es-como-saber-si-padece-mal-de-altura-y-cuando-deberia-preocuparse\/\" \/>\n<meta property=\"og:site_name\" content=\"UCHealth Today\" \/>\n<meta property=\"article:publisher\" content=\"https:\/\/www.facebook.com\/uchealthorg\/\" \/>\n<meta property=\"article:published_time\" content=\"2025-06-30T17:00:38+00:00\" \/>\n<meta property=\"article:modified_time\" content=\"2025-06-30T17:41:00+00:00\" \/>\n<meta property=\"og:image\" content=\"https:\/\/uchealth-wp-uploads.s3.amazonaws.com\/wp-content\/uploads\/sites\/6\/2023\/06\/16091941\/istock-woman-man-hiking-web.jpg\" \/>\n\t<meta property=\"og:image:type\" content=\"image\/jpeg\" \/>\n<meta name=\"author\" content=\"Linda DuVal, for UCHealth\" \/>\n<meta name=\"twitter:card\" content=\"summary_large_image\" \/>\n<meta name=\"twitter:creator\" content=\"@uchealth\" \/>\n<meta name=\"twitter:site\" content=\"@uchealth\" \/>\n<meta name=\"twitter:label1\" content=\"Written by\" \/>\n\t<meta name=\"twitter:data1\" content=\"Linda DuVal, for UCHealth\" \/>\n\t<meta name=\"twitter:label2\" content=\"Est. reading time\" \/>\n\t<meta name=\"twitter:data2\" content=\"5 minutes\" \/>\n<script type=\"application\/ld+json\" class=\"yoast-schema-graph\">{\"@context\":\"https:\/\/schema.org\",\"@graph\":[{\"@type\":\"Article\",\"@id\":\"https:\/\/www.uchealth.org\/today\/es-como-saber-si-padece-mal-de-altura-y-cuando-deberia-preocuparse\/#article\",\"isPartOf\":{\"@id\":\"https:\/\/www.uchealth.org\/today\/es-como-saber-si-padece-mal-de-altura-y-cuando-deberia-preocuparse\/\"},\"author\":{\"name\":\"Linda DuVal, for UCHealth\",\"@id\":\"https:\/\/www.uchealth.org\/today\/#\/schema\/person\/4f8630d1a32bfa51d40bf26aa4896808\"},\"headline\":\"\u00bfC\u00f3mo saber si padece mal de altura y cu\u00e1ndo deber\u00eda preocuparse?\",\"datePublished\":\"2025-06-30T17:00:38+00:00\",\"dateModified\":\"2025-06-30T17:41:00+00:00\",\"mainEntityOfPage\":{\"@id\":\"https:\/\/www.uchealth.org\/today\/es-como-saber-si-padece-mal-de-altura-y-cuando-deberia-preocuparse\/\"},\"wordCount\":975,\"publisher\":{\"@id\":\"https:\/\/www.uchealth.org\/today\/#organization\"},\"image\":{\"@id\":\"https:\/\/www.uchealth.org\/today\/es-como-saber-si-padece-mal-de-altura-y-cuando-deberia-preocuparse\/#primaryimage\"},\"thumbnailUrl\":\"https:\/\/uchealth-wp-uploads.s3.amazonaws.com\/wp-content\/uploads\/sites\/6\/2023\/06\/16091941\/istock-woman-man-hiking-web.webp\",\"keywords\":[\"Traducciones en espa\u00f1ol\"],\"articleSection\":[\"Espa\u00f1ol\"],\"inLanguage\":\"en-US\"},{\"@type\":\"WebPage\",\"@id\":\"https:\/\/www.uchealth.org\/today\/es-como-saber-si-padece-mal-de-altura-y-cuando-deberia-preocuparse\/\",\"url\":\"https:\/\/www.uchealth.org\/today\/es-como-saber-si-padece-mal-de-altura-y-cuando-deberia-preocuparse\/\",\"name\":\"\u00bfC\u00f3mo saber si padece mal de altura y cu\u00e1ndo deber\u00eda preocuparse? - UCHealth Today\",\"isPartOf\":{\"@id\":\"https:\/\/www.uchealth.org\/today\/#website\"},\"primaryImageOfPage\":{\"@id\":\"https:\/\/www.uchealth.org\/today\/es-como-saber-si-padece-mal-de-altura-y-cuando-deberia-preocuparse\/#primaryimage\"},\"image\":{\"@id\":\"https:\/\/www.uchealth.org\/today\/es-como-saber-si-padece-mal-de-altura-y-cuando-deberia-preocuparse\/#primaryimage\"},\"thumbnailUrl\":\"https:\/\/uchealth-wp-uploads.s3.amazonaws.com\/wp-content\/uploads\/sites\/6\/2023\/06\/16091941\/istock-woman-man-hiking-web.webp\",\"datePublished\":\"2025-06-30T17:00:38+00:00\",\"dateModified\":\"2025-06-30T17:41:00+00:00\",\"description\":\"Cada d\u00eda, en Colorado, la gente experimenta diferentes niveles de mal de altura. Losexpertos de UCHealth explican c\u00f3mo reconocerlo y prevenirlo.\",\"breadcrumb\":{\"@id\":\"https:\/\/www.uchealth.org\/today\/es-como-saber-si-padece-mal-de-altura-y-cuando-deberia-preocuparse\/#breadcrumb\"},\"inLanguage\":\"en-US\",\"potentialAction\":[{\"@type\":\"ReadAction\",\"target\":[\"https:\/\/www.uchealth.org\/today\/es-como-saber-si-padece-mal-de-altura-y-cuando-deberia-preocuparse\/\"]}]},{\"@type\":\"ImageObject\",\"inLanguage\":\"en-US\",\"@id\":\"https:\/\/www.uchealth.org\/today\/es-como-saber-si-padece-mal-de-altura-y-cuando-deberia-preocuparse\/#primaryimage\",\"url\":\"https:\/\/uchealth-wp-uploads.s3.amazonaws.com\/wp-content\/uploads\/sites\/6\/2023\/06\/16091941\/istock-woman-man-hiking-web.webp\",\"contentUrl\":\"https:\/\/uchealth-wp-uploads.s3.amazonaws.com\/wp-content\/uploads\/sites\/6\/2023\/06\/16091941\/istock-woman-man-hiking-web.webp\",\"width\":800,\"height\":492,\"caption\":\"Photo: iStock.\"},{\"@type\":\"BreadcrumbList\",\"@id\":\"https:\/\/www.uchealth.org\/today\/es-como-saber-si-padece-mal-de-altura-y-cuando-deberia-preocuparse\/#breadcrumb\",\"itemListElement\":[{\"@type\":\"ListItem\",\"position\":1,\"name\":\"Home\",\"item\":\"https:\/\/www.uchealth.org\/today\/\"},{\"@type\":\"ListItem\",\"position\":2,\"name\":\"\u00bfC\u00f3mo saber si padece mal de altura y cu\u00e1ndo deber\u00eda preocuparse?\"}]},{\"@type\":\"WebSite\",\"@id\":\"https:\/\/www.uchealth.org\/today\/#website\",\"url\":\"https:\/\/www.uchealth.org\/today\/\",\"name\":\"UCHealth Today\",\"description\":\"UCHealth Today\",\"publisher\":{\"@id\":\"https:\/\/www.uchealth.org\/today\/#organization\"},\"potentialAction\":[{\"@type\":\"SearchAction\",\"target\":{\"@type\":\"EntryPoint\",\"urlTemplate\":\"https:\/\/www.uchealth.org\/today\/?s={search_term_string}\"},\"query-input\":{\"@type\":\"PropertyValueSpecification\",\"valueRequired\":true,\"valueName\":\"search_term_string\"}}],\"inLanguage\":\"en-US\"},{\"@type\":\"Organization\",\"@id\":\"https:\/\/www.uchealth.org\/today\/#organization\",\"name\":\"UCHealth\",\"url\":\"https:\/\/www.uchealth.org\/today\/\",\"logo\":{\"@type\":\"ImageObject\",\"inLanguage\":\"en-US\",\"@id\":\"https:\/\/www.uchealth.org\/today\/#\/schema\/logo\/image\/\",\"url\":\"https:\/\/uchealth-wp-uploads.s3.amazonaws.com\/wp-content\/uploads\/sites\/6\/2020\/04\/24135149\/UCHealth-square-logo-1000x1000-1.jpg\",\"contentUrl\":\"https:\/\/uchealth-wp-uploads.s3.amazonaws.com\/wp-content\/uploads\/sites\/6\/2020\/04\/24135149\/UCHealth-square-logo-1000x1000-1.jpg\",\"width\":1000,\"height\":1000,\"caption\":\"UCHealth\"},\"image\":{\"@id\":\"https:\/\/www.uchealth.org\/today\/#\/schema\/logo\/image\/\"},\"sameAs\":[\"https:\/\/www.facebook.com\/uchealthorg\/\",\"https:\/\/x.com\/uchealth\",\"https:\/\/www.instagram.com\/uchealth\/\",\"https:\/\/www.linkedin.com\/school\/14839\/\",\"https:\/\/www.pinterest.com\/uchealthorg\/\",\"https:\/\/www.youtube.com\/channel\/UC41SJI79yjZIe96OajzN22g\"]},{\"@type\":\"Person\",\"@id\":\"https:\/\/www.uchealth.org\/today\/#\/schema\/person\/4f8630d1a32bfa51d40bf26aa4896808\",\"name\":\"Linda DuVal, for UCHealth\",\"image\":{\"@type\":\"ImageObject\",\"inLanguage\":\"en-US\",\"@id\":\"https:\/\/secure.gravatar.com\/avatar\/503dab036ecc79682937ed0b639be92da5d2c8c90fd7acc794eda3a529ca0768?s=96&d=mm&r=g\",\"url\":\"https:\/\/secure.gravatar.com\/avatar\/503dab036ecc79682937ed0b639be92da5d2c8c90fd7acc794eda3a529ca0768?s=96&d=mm&r=g\",\"contentUrl\":\"https:\/\/secure.gravatar.com\/avatar\/503dab036ecc79682937ed0b639be92da5d2c8c90fd7acc794eda3a529ca0768?s=96&d=mm&r=g\",\"caption\":\"Linda DuVal, for UCHealth\"},\"description\":\"Linda DuVal is a freelance writer based in Colorado Springs and a regular contributor to UCHealth Today. She has written travel articles for major U.S. newspapers and national, regional and local magazines. She spent 32 years as an award-winning writer, reporter and editor for The Gazette in Colorado Springs.\",\"url\":\"https:\/\/www.uchealth.org\/today\/author\/lduval\/\"}]}<\/script>\n<!-- \/ Yoast SEO Premium plugin. -->","yoast_head_json":{"title":"\u00bfC\u00f3mo saber si padece mal de altura y cu\u00e1ndo deber\u00eda preocuparse? - UCHealth Today","description":"Cada d\u00eda, en Colorado, la gente experimenta diferentes niveles de mal de altura. Losexpertos de UCHealth explican c\u00f3mo reconocerlo y prevenirlo.","robots":{"index":"index","follow":"follow","max-snippet":"max-snippet:-1","max-image-preview":"max-image-preview:large","max-video-preview":"max-video-preview:-1"},"canonical":"https:\/\/www.uchealth.org\/today\/es-como-saber-si-padece-mal-de-altura-y-cuando-deberia-preocuparse\/","og_locale":"en_US","og_type":"article","og_title":"\u00bfC\u00f3mo saber si padece mal de altura y cu\u00e1ndo deber\u00eda preocuparse?","og_description":"Cada d\u00eda, en Colorado, la gente experimenta diferentes niveles de mal de altura. Losexpertos de UCHealth explican c\u00f3mo reconocerlo y prevenirlo.","og_url":"https:\/\/www.uchealth.org\/today\/es-como-saber-si-padece-mal-de-altura-y-cuando-deberia-preocuparse\/","og_site_name":"UCHealth Today","article_publisher":"https:\/\/www.facebook.com\/uchealthorg\/","article_published_time":"2025-06-30T17:00:38+00:00","article_modified_time":"2025-06-30T17:41:00+00:00","og_image":[{"url":"https:\/\/uchealth-wp-uploads.s3.amazonaws.com\/wp-content\/uploads\/sites\/6\/2023\/06\/16091941\/istock-woman-man-hiking-web.jpg","type":"image\/jpeg"}],"author":"Linda DuVal, for UCHealth","twitter_card":"summary_large_image","twitter_creator":"@uchealth","twitter_site":"@uchealth","twitter_misc":{"Written by":"Linda DuVal, for UCHealth","Est. reading time":"5 minutes"},"schema":{"@context":"https:\/\/schema.org","@graph":[{"@type":"Article","@id":"https:\/\/www.uchealth.org\/today\/es-como-saber-si-padece-mal-de-altura-y-cuando-deberia-preocuparse\/#article","isPartOf":{"@id":"https:\/\/www.uchealth.org\/today\/es-como-saber-si-padece-mal-de-altura-y-cuando-deberia-preocuparse\/"},"author":{"name":"Linda DuVal, for UCHealth","@id":"https:\/\/www.uchealth.org\/today\/#\/schema\/person\/4f8630d1a32bfa51d40bf26aa4896808"},"headline":"\u00bfC\u00f3mo saber si padece mal de altura y cu\u00e1ndo deber\u00eda preocuparse?","datePublished":"2025-06-30T17:00:38+00:00","dateModified":"2025-06-30T17:41:00+00:00","mainEntityOfPage":{"@id":"https:\/\/www.uchealth.org\/today\/es-como-saber-si-padece-mal-de-altura-y-cuando-deberia-preocuparse\/"},"wordCount":975,"publisher":{"@id":"https:\/\/www.uchealth.org\/today\/#organization"},"image":{"@id":"https:\/\/www.uchealth.org\/today\/es-como-saber-si-padece-mal-de-altura-y-cuando-deberia-preocuparse\/#primaryimage"},"thumbnailUrl":"https:\/\/uchealth-wp-uploads.s3.amazonaws.com\/wp-content\/uploads\/sites\/6\/2023\/06\/16091941\/istock-woman-man-hiking-web.webp","keywords":["Traducciones en espa\u00f1ol"],"articleSection":["Espa\u00f1ol"],"inLanguage":"en-US"},{"@type":"WebPage","@id":"https:\/\/www.uchealth.org\/today\/es-como-saber-si-padece-mal-de-altura-y-cuando-deberia-preocuparse\/","url":"https:\/\/www.uchealth.org\/today\/es-como-saber-si-padece-mal-de-altura-y-cuando-deberia-preocuparse\/","name":"\u00bfC\u00f3mo saber si padece mal de altura y cu\u00e1ndo deber\u00eda preocuparse? - UCHealth Today","isPartOf":{"@id":"https:\/\/www.uchealth.org\/today\/#website"},"primaryImageOfPage":{"@id":"https:\/\/www.uchealth.org\/today\/es-como-saber-si-padece-mal-de-altura-y-cuando-deberia-preocuparse\/#primaryimage"},"image":{"@id":"https:\/\/www.uchealth.org\/today\/es-como-saber-si-padece-mal-de-altura-y-cuando-deberia-preocuparse\/#primaryimage"},"thumbnailUrl":"https:\/\/uchealth-wp-uploads.s3.amazonaws.com\/wp-content\/uploads\/sites\/6\/2023\/06\/16091941\/istock-woman-man-hiking-web.webp","datePublished":"2025-06-30T17:00:38+00:00","dateModified":"2025-06-30T17:41:00+00:00","description":"Cada d\u00eda, en Colorado, la gente experimenta diferentes niveles de mal de altura. Losexpertos de UCHealth explican c\u00f3mo reconocerlo y prevenirlo.","breadcrumb":{"@id":"https:\/\/www.uchealth.org\/today\/es-como-saber-si-padece-mal-de-altura-y-cuando-deberia-preocuparse\/#breadcrumb"},"inLanguage":"en-US","potentialAction":[{"@type":"ReadAction","target":["https:\/\/www.uchealth.org\/today\/es-como-saber-si-padece-mal-de-altura-y-cuando-deberia-preocuparse\/"]}]},{"@type":"ImageObject","inLanguage":"en-US","@id":"https:\/\/www.uchealth.org\/today\/es-como-saber-si-padece-mal-de-altura-y-cuando-deberia-preocuparse\/#primaryimage","url":"https:\/\/uchealth-wp-uploads.s3.amazonaws.com\/wp-content\/uploads\/sites\/6\/2023\/06\/16091941\/istock-woman-man-hiking-web.webp","contentUrl":"https:\/\/uchealth-wp-uploads.s3.amazonaws.com\/wp-content\/uploads\/sites\/6\/2023\/06\/16091941\/istock-woman-man-hiking-web.webp","width":800,"height":492,"caption":"Photo: iStock."},{"@type":"BreadcrumbList","@id":"https:\/\/www.uchealth.org\/today\/es-como-saber-si-padece-mal-de-altura-y-cuando-deberia-preocuparse\/#breadcrumb","itemListElement":[{"@type":"ListItem","position":1,"name":"Home","item":"https:\/\/www.uchealth.org\/today\/"},{"@type":"ListItem","position":2,"name":"\u00bfC\u00f3mo saber si padece mal de altura y cu\u00e1ndo deber\u00eda preocuparse?"}]},{"@type":"WebSite","@id":"https:\/\/www.uchealth.org\/today\/#website","url":"https:\/\/www.uchealth.org\/today\/","name":"UCHealth Today","description":"UCHealth Today","publisher":{"@id":"https:\/\/www.uchealth.org\/today\/#organization"},"potentialAction":[{"@type":"SearchAction","target":{"@type":"EntryPoint","urlTemplate":"https:\/\/www.uchealth.org\/today\/?s={search_term_string}"},"query-input":{"@type":"PropertyValueSpecification","valueRequired":true,"valueName":"search_term_string"}}],"inLanguage":"en-US"},{"@type":"Organization","@id":"https:\/\/www.uchealth.org\/today\/#organization","name":"UCHealth","url":"https:\/\/www.uchealth.org\/today\/","logo":{"@type":"ImageObject","inLanguage":"en-US","@id":"https:\/\/www.uchealth.org\/today\/#\/schema\/logo\/image\/","url":"https:\/\/uchealth-wp-uploads.s3.amazonaws.com\/wp-content\/uploads\/sites\/6\/2020\/04\/24135149\/UCHealth-square-logo-1000x1000-1.jpg","contentUrl":"https:\/\/uchealth-wp-uploads.s3.amazonaws.com\/wp-content\/uploads\/sites\/6\/2020\/04\/24135149\/UCHealth-square-logo-1000x1000-1.jpg","width":1000,"height":1000,"caption":"UCHealth"},"image":{"@id":"https:\/\/www.uchealth.org\/today\/#\/schema\/logo\/image\/"},"sameAs":["https:\/\/www.facebook.com\/uchealthorg\/","https:\/\/x.com\/uchealth","https:\/\/www.instagram.com\/uchealth\/","https:\/\/www.linkedin.com\/school\/14839\/","https:\/\/www.pinterest.com\/uchealthorg\/","https:\/\/www.youtube.com\/channel\/UC41SJI79yjZIe96OajzN22g"]},{"@type":"Person","@id":"https:\/\/www.uchealth.org\/today\/#\/schema\/person\/4f8630d1a32bfa51d40bf26aa4896808","name":"Linda DuVal, for UCHealth","image":{"@type":"ImageObject","inLanguage":"en-US","@id":"https:\/\/secure.gravatar.com\/avatar\/503dab036ecc79682937ed0b639be92da5d2c8c90fd7acc794eda3a529ca0768?s=96&d=mm&r=g","url":"https:\/\/secure.gravatar.com\/avatar\/503dab036ecc79682937ed0b639be92da5d2c8c90fd7acc794eda3a529ca0768?s=96&d=mm&r=g","contentUrl":"https:\/\/secure.gravatar.com\/avatar\/503dab036ecc79682937ed0b639be92da5d2c8c90fd7acc794eda3a529ca0768?s=96&d=mm&r=g","caption":"Linda DuVal, for UCHealth"},"description":"Linda DuVal is a freelance writer based in Colorado Springs and a regular contributor to UCHealth Today. She has written travel articles for major U.S. newspapers and national, regional and local magazines. She spent 32 years as an award-winning writer, reporter and editor for The Gazette in Colorado Springs.","url":"https:\/\/www.uchealth.org\/today\/author\/lduval\/"}]}},"coauthors":[{"id":18,"name":"Linda DuVal","link":"https:\/\/www.uchealth.org\/today\/author\/lduval\/"}],"_links":{"self":[{"href":"https:\/\/www.uchealth.org\/today\/wp-json\/wp\/v2\/posts\/77981","targetHints":{"allow":["GET"]}}],"collection":[{"href":"https:\/\/www.uchealth.org\/today\/wp-json\/wp\/v2\/posts"}],"about":[{"href":"https:\/\/www.uchealth.org\/today\/wp-json\/wp\/v2\/types\/post"}],"author":[{"embeddable":true,"href":"https:\/\/www.uchealth.org\/today\/wp-json\/wp\/v2\/users\/18"}],"replies":[{"embeddable":true,"href":"https:\/\/www.uchealth.org\/today\/wp-json\/wp\/v2\/comments?post=77981"}],"version-history":[{"count":3,"href":"https:\/\/www.uchealth.org\/today\/wp-json\/wp\/v2\/posts\/77981\/revisions"}],"predecessor-version":[{"id":77984,"href":"https:\/\/www.uchealth.org\/today\/wp-json\/wp\/v2\/posts\/77981\/revisions\/77984"}],"wp:featuredmedia":[{"embeddable":true,"href":"https:\/\/www.uchealth.org\/today\/wp-json\/wp\/v2\/media\/70349"}],"wp:attachment":[{"href":"https:\/\/www.uchealth.org\/today\/wp-json\/wp\/v2\/media?parent=77981"}],"wp:term":[{"taxonomy":"category","embeddable":true,"href":"https:\/\/www.uchealth.org\/today\/wp-json\/wp\/v2\/categories?post=77981"},{"taxonomy":"post_tag","embeddable":true,"href":"https:\/\/www.uchealth.org\/today\/wp-json\/wp\/v2\/tags?post=77981"}],"curies":[{"name":"wp","href":"https:\/\/api.w.org\/{rel}","templated":true}]}}