{"id":76668,"date":"2024-06-25T16:41:42","date_gmt":"2024-06-25T22:41:42","guid":{"rendered":"https:\/\/www.uchealth.org\/today\/?p=76668"},"modified":"2024-06-25T16:41:42","modified_gmt":"2024-06-25T22:41:42","slug":"es-despues-de-una-complicada-cirugia-de-columna-todo-se-siente-mejor","status":"publish","type":"post","link":"https:\/\/www.uchealth.org\/today\/es-despues-de-una-complicada-cirugia-de-columna-todo-se-siente-mejor\/","title":{"rendered":"Despu\u00e9s de una compleja cirug\u00eda de columna, &#8216;todo se siente mejor&#8217;"},"content":{"rendered":"<div style=\"margin-top: 0px; margin-bottom: 0px;\" class=\"sharethis-inline-share-buttons\" ><\/div><figure id=\"attachment_76249\" aria-describedby=\"caption-attachment-76249\" style=\"width: 640px\" class=\"wp-caption aligncenter\"><img loading=\"lazy\" decoding=\"async\" class=\"wp-image-76249\" src=\"https:\/\/uchealth-wp-uploads.s3.amazonaws.com\/wp-content\/uploads\/sites\/6\/2024\/05\/22125441\/24ChargingElk_013sized.webp\" alt=\"Felicia Chargingelk se toma un momento con su perro. Foto de Chuck Bigger, para UCHealth.\" width=\"640\" height=\"426\" \/><figcaption id=\"caption-attachment-76249\" class=\"wp-caption-text\">Felicia Chargingelk se toma un momento con su perro. Foto de Chuck Bigger, para UCHealth.<\/figcaption><\/figure>\n<p>Una bala lesion\u00f3 la columna vertebral de Felicia Chargingelk cuando ten\u00eda 3 a\u00f1os. Ella hab\u00eda estado jugando en el patio delantero de su casa en North Platte, Nebraska. Afortunadamente, ella no recuerda el disparo proveniente desde un carro que la dej\u00f3 paralizada desde el pecho hacia abajo.<\/p>\n<p>Ahora de 23 a\u00f1os, vive en Colorado Springs con su esposo, Caleb Gouge, quien est\u00e1 a punto de dejar honorablemente el ej\u00e9rcito. Ellos aman a sus tres perros y los llevan a caminar diariamente por su vecindario.<\/p>\n<p>Una mujer resiliente, Chargingelk creci\u00f3 en una familia que valoraba la educaci\u00f3n y el trabajo duro. Se gradu\u00f3 de Pickens Technical College y trabaja como t\u00e9cnica en una farmacia de cadena nacional.<\/p>\n<p>Hace algunos meses, comenz\u00f3 a sentir una sensaci\u00f3n extra\u00f1a en la parte superior de su cuerpo cuando busc\u00f3 un medicamento en un estante, o cuando tuvo que girar en su silla de ruedas por alguna raz\u00f3n. En casa, no pod\u00eda acostarse c\u00f3modamente sobre su espalda o lado derecho. La hac\u00eda sentir muy inc\u00f3moda.<\/p>\n<figure id=\"attachment_76250\" aria-describedby=\"caption-attachment-76250\" style=\"width: 640px\" class=\"wp-caption aligncenter\"><img loading=\"lazy\" decoding=\"async\" class=\"wp-image-76250\" src=\"https:\/\/uchealth-wp-uploads.s3.amazonaws.com\/wp-content\/uploads\/sites\/6\/2024\/05\/22125642\/24ChargingElk_005sized.webp\" alt=\"Felicia Chargingelk junto a su esposo, Caleb Gouge. Fotograf\u00eda de Chuck Bigger, para UCHealth.\" width=\"640\" height=\"426\" \/><figcaption id=\"caption-attachment-76250\" class=\"wp-caption-text\">Felicia Chargingelk junto a su esposo, Caleb Gouge. Fotograf\u00eda de Chuck Bigger, para UCHealth.<\/figcaption><\/figure>\n<p>&#8220;No estaba durmiendo bien, y mi respiraci\u00f3n tampoco era buena&#8221;, dijo, se\u00f1alando que se sent\u00eda lenta todo el tiempo.<\/p>\n<p>Chargingelk pudo ver que cuando se sent\u00f3 en su silla de ruedas, su cuerpo se desplom\u00f3 hacia su derecha. Ella se puso a investigar, buscando un m\u00e9dico que pudiera ayudarla, e hizo una cita con el <a href=\"https:\/\/www.uchealth.org\/provider\/sergiu-botolin-md-phd\/\">Dr. Sergiu Botolin<\/a>, cirujano ortop\u00e9dico del <a href=\"https:\/\/www.uchealth.org\/locations\/uchealth-spine-center-memorial-hospital-north\">UCHealth Memorial Hospital North<\/a>.<\/p>\n<p>La primera vez que Botolin vio a Chargingelk, vio el desequilibrio de inmediato.<\/p>\n<p>&#8220;Se pod\u00eda ver la asimetr\u00eda con el hombro derecho siendo m\u00e1s bajo y el hombro izquierdo siendo m\u00e1s alto&#8221;, dijo Botolin. \u201cEn verdad, cuando la vi, sus hombros estaban completamente desalineados\u201d<\/p>\n<p>Nacido en Moldavia, Botolin ha pasado 25 a\u00f1os form\u00e1ndose para convertirse en un cirujano de columna con experiencia en cirug\u00eda de columna compleja. En los siguientes meses en los que Botolin cuidar\u00eda de Chargingelk, llegar\u00eda a verla como algo extraordinario.<\/p>\n<p>&#8220;No he conocido a muchas personas en mis 49 a\u00f1os de vida que sean tan fuertes como ella&#8221;, dijo.<\/p>\n<h2><strong>La escoliosis se desarrolla y necesita cirug\u00eda de fusi\u00f3n<\/strong><\/h2>\n<p>Despu\u00e9s del tiroteo en Nebraska, Chargingelk vivi\u00f3 en un hospital infantil en Dakota del Sur.\u00a0 A los 9 a\u00f1os, Chargingelk hab\u00eda desarrollado escoliosis, curvatura de la columna vertebral, y un cirujano le coloc\u00f3 varillas y tornillos de titanio a lo largo de la columna vertebral para mantener su cuerpo recto.<\/p>\n<p>Botolin dijo que \u201clos pacientes con enfermedades neuromusculares y los pacientes paralizados pierden el control sobre los m\u00fasculos y eso hace que la columna vertebral sea inestable porque los m\u00fasculos son los principales estabilizadores\u201d.<\/p>\n<p>Los m\u00fasculos se atrofian, y la columna vertebral comienza a curvarse. Los m\u00fasculos que se supone que deben controlar y mantener la columna vertebral estable no reciben se\u00f1ales el\u00e9ctricas de la m\u00e9dula espinal, del cerebro, porque la m\u00e9dula espinal est\u00e1 lesionada. Es por eso por lo que se desarrolla la escoliosis, dijo Botolin.<\/p>\n<figure id=\"attachment_76252\" aria-describedby=\"caption-attachment-76252\" style=\"width: 400px\" class=\"wp-caption alignleft\"><img loading=\"lazy\" decoding=\"async\" class=\"wp-image-76252\" src=\"https:\/\/uchealth-wp-uploads.s3.amazonaws.com\/wp-content\/uploads\/sites\/6\/2024\/05\/22125944\/24ChargingElk_009sized.webp\" alt=\"Con la ayuda de su esposo, Feclicia Chargingelk maniobra su silla de ruedas por una rampa y sube a una camioneta. Foto de Chuck Bigger, para UCHealth.\" width=\"400\" height=\"267\" \/><figcaption id=\"caption-attachment-76252\" class=\"wp-caption-text\">Con la ayuda de su esposo, Feclicia Chargingelk maniobra su silla de ruedas por una rampa y sube a una camioneta. Foto de Chuck Bigger, para UCHealth.<\/figcaption><\/figure>\n<p>En 2010, el m\u00e9dico de Chargingelk en Dakota del Sur realiz\u00f3 una cirug\u00eda de fusi\u00f3n para corregir su escoliosis.<\/p>\n<p>&#8220;El prop\u00f3sito de la cirug\u00eda de fusi\u00f3n es corregir la deformidad hasta cierto punto, en la mejor medida posible y luego estabilizar esa correcci\u00f3n con tornillos y varillas. En un plazo de 6 a 12 meses, por lo general, el cuerpo humano formar\u00e1 hueso alrededor y esas v\u00e9rtebras se fusionar\u00e1n para siempre.\u00a0 En el caso de ella, eso no sucedi\u00f3. Las v\u00e9rtebras no se fusionaron en dos lugares de la columna tor\u00e1cica. Entonces, \u00bfqu\u00e9 pasa si la fusi\u00f3n no se desarrolla?<\/p>\n<p>&#8220;Cuando el hueso no se fusiona, el cuerpo humano sigue moviendo esas varillas y, finalmente, la varilla desarrolla fatiga y se rompe. Esto es lo que le pas\u00f3 a ella&#8221;, dijo Botolin. &#8220;Muchos se equivocan al pensar que estas varillas y tornillos, aunque est\u00e1n hechos de titanio, son tan poderosos y fuertes que pueden durar para siempre&#8221;.<\/p>\n<p>Chargingelk no sabe cu\u00e1ndo se rompieron las varillas de su espalda, pero en los \u00faltimos a\u00f1os, su postura se deterior\u00f3.<\/p>\n<p>En una persona que est\u00e1 paralizada, la postura desequilibrada podr\u00eda causar otros problemas m\u00e9dicos, dijo Botolin.<\/p>\n<figure id=\"attachment_76253\" aria-describedby=\"caption-attachment-76253\" style=\"width: 400px\" class=\"wp-caption alignright\"><img loading=\"lazy\" decoding=\"async\" class=\"wp-image-76253\" src=\"https:\/\/uchealth-wp-uploads.s3.amazonaws.com\/wp-content\/uploads\/sites\/6\/2024\/05\/22130449\/Botolinsuzed.webp\" alt=\"El Dr. Sergiu Botolin, cirujano ortop\u00e9dico del UCHealth Memorial Hospital, revisa las radiograf\u00edas de la columna vertebral de Felicia Chargingelk. Foto: UCHealth.\" width=\"400\" height=\"300\" \/><figcaption id=\"caption-attachment-76253\" class=\"wp-caption-text\">El Dr. Sergiu Botolin, cirujano ortop\u00e9dico del UCHealth Memorial Hospital, revisa las radiograf\u00edas de la columna vertebral de Felicia Chargingelk. Foto: UCHealth.<\/figcaption><\/figure>\n<p>\u201cPara las personas que est\u00e1n paralizadas y en una silla de ruedas, es extremadamente importante tener una silla de ruedas bien ajustada y tener una inspecci\u00f3n rutinaria de la piel, porque las personas que est\u00e1n paralizadas no tienen sensaci\u00f3n en su piel. Debido a ello, corren un alto riesgo de desarrollar una \u00falcera por presi\u00f3n y descomposici\u00f3n de la piel con una posible infecci\u00f3n posterior a causa de una presi\u00f3n que crea irregularidades en la silla de ruedas\u201d<\/p>\n<p>Dado que Chargingelk no usa la parte inferior de su cuerpo ni sus piernas, el movimiento de la parte superior del cuerpo de Chargingelk es esencial para su calidad de vida. Ella inmediatamente apreci\u00f3 la experiencia y la amabilidad de Botolin.<\/p>\n<p>\u201cCuando lo conoc\u00ed por primera vez, me lo explic\u00f3 perfectamente. Es extremadamente apasionado por lo que hace, y fue capaz de explicar lo que quer\u00eda hacer por m\u00ed\u201d, dijo Chargingelk.<\/p>\n<p>Pudo ser operada en diciembre de 2023.<\/p>\n<h2><strong>Someterse a una cirug\u00eda compleja de la columna vertebral<\/strong><\/h2>\n<p>Despu\u00e9s de la anestesia, Botolin hizo una incisi\u00f3n de casi dos pies de largo en la espalda de Chargingelk, desde su cuello hasta la espalda baja, y comenz\u00f3 la cirug\u00eda, que dur\u00f3 9 horas.<\/p>\n<p>\u201cSu varilla estaba rota, as\u00ed que tuve que cortarlas un poco m\u00e1s abajo que donde se rompieron, tuve que agregar nuevos conectores y luego agregar nuevas varillas\u201d, dijo.<\/p>\n<figure id=\"attachment_76254\" aria-describedby=\"caption-attachment-76254\" style=\"width: 400px\" class=\"wp-caption alignleft\"><img loading=\"lazy\" decoding=\"async\" class=\"wp-image-76254\" src=\"https:\/\/uchealth-wp-uploads.s3.amazonaws.com\/wp-content\/uploads\/sites\/6\/2024\/05\/22130656\/24ChargingElk_016sized.webp\" alt=\"Feleicia Chargingelk disfruta paseando con su esposo y sus perritos. Foto de Chuck Bigger, para UCHealth.\" width=\"400\" height=\"267\" \/><figcaption id=\"caption-attachment-76254\" class=\"wp-caption-text\">Feleicia Chargingelk disfruta paseando con su esposo y sus perritos. Foto de Chuck Bigger, para UCHealth.<\/figcaption><\/figure>\n<p>Debido a que el cuello de Chargingelk se hab\u00eda torcido, Botolin extendi\u00f3 la varilla, que anteriormente hab\u00eda terminado en el t\u00f3rax 4, hasta el tor\u00e1cico 2. Eso significaba que la varilla ahora se extender\u00eda en una parte de su cuello que no hab\u00eda sido paralizada.<\/p>\n<p>\u201cEl primer riesgo es siempre la infecci\u00f3n. Esta es una incisi\u00f3n de casi dos pies de largo, as\u00ed que una herida como esa, hacer que se cure, es la prioridad n\u00famero 1. En segundo lugar, tuve que extenderme por encima de su nivel de par\u00e1lisis, por lo que est\u00e1 trabajando en el \u00e1rea normal de la m\u00e9dula espinal, por lo que siempre hay riesgo de par\u00e1lisis. Otros riesgos son la no uni\u00f3n. Los huesos necesitan fusionarse, pero a veces no lo hacen.\u201d<\/p>\n<p>&#8220;Tambi\u00e9n se corre el riesgo de contraer la enfermedad a nivel adyacente. Cuando se fusiona una articulaci\u00f3n o dos o 10, la articulaci\u00f3n de arriba o de abajo a veces tiene que trabajar un poco m\u00e1s para compensar y, debido a eso, tiene una mayor probabilidad de deteriorarse en el futuro&#8221;, dijo Botolin. &#8220;Tambi\u00e9n est\u00e1n los \u00f3rganos. Si no tienes cuidado, puedes perforar el pulm\u00f3n, la cavidad tor\u00e1cica y cosas as\u00ed. Esas son cosas malas, y nunca quieres o\u00edr hablar de eso&#8221;.<\/p>\n<p>Para permitir la curaci\u00f3n, Chargingelk tiene restringido durante seis meses levantar m\u00e1s de 10 libras o girarse de cualquier manera.<\/p>\n<p>&#8220;Todo se siente mejor&#8221;, dijo Chargingelk. Todo el asunto del sue\u00f1o daba vueltas en la cama y no dorm\u00eda bien y eso me afectaba en el trabajo. Todos los d\u00edas, me sent\u00eda lenta durante el d\u00eda, simplemente sobreviviendo el d\u00eda. Pero ahora siento que estoy viviendo de nuevo\u201d.<\/p>\n<p>\u201cCuando llegu\u00e9 a casa por primera vez, y pude recostarme en mi cama y dormir un poco, me sent\u00ed incre\u00edble. Todav\u00eda estoy consiguiendo un poco m\u00e1s de movilidad, as\u00ed que cuando vamos a caminar a nuestros perritos, no hay dolor y durante mis traslados (de la silla de ruedas a un carro, por ejemplo), no hay dolor.<\/p>\n<h2><strong>&#8216;Mi pap\u00e1 nunca me limit\u00f3&#8217;<\/strong><\/h2>\n<p>Durante su infancia, Chargingelk pas\u00f3 seis a\u00f1os viviendo en el hospital infantil de Dakota del Sur. Cuando el hospital pas\u00f3 de ser un hospital ortop\u00e9dico a uno que atiende a ni\u00f1os con autismo, Chargingelk necesitaba un nuevo lugar para vivir.<\/p>\n<p>Afortunadamente, una familia que viv\u00eda a pocas horas de distancia se enter\u00f3 de Chargingelk y la adopt\u00f3. Sus nuevos padres ya hab\u00edan adaptado completamente su casa para acomodar una silla de ruedas porque su hijo, Andy, es cuadripl\u00e9jico. Despu\u00e9s de vivir en Dakota del Sur por un tiempo, Chargingelk y sus padres se mudaron a Colorado. Chargingelk asisti\u00f3 a la escuela p\u00fablica y luego se matricul\u00f3 en el Colegio T\u00e9cnico de Pickens, donde obtuvo la certificaci\u00f3n como t\u00e9cnica de farmacia.<\/p>\n<p>Su fuerza, dice, viene de su padre.<\/p>\n<p>&#8220;Al estar en la silla y todo, la gente te mira con desprecio o te mira como si fueras una tortuga sin caparaz\u00f3n. Pero mi pap\u00e1 nunca me limit\u00f3. Nunca me dijo que hubiera algo que no pudiera hacer\u201d.<\/p>\n<figure id=\"attachment_76255\" aria-describedby=\"caption-attachment-76255\" style=\"width: 400px\" class=\"wp-caption alignright\"><img loading=\"lazy\" decoding=\"async\" class=\"wp-image-76255\" src=\"https:\/\/uchealth-wp-uploads.s3.amazonaws.com\/wp-content\/uploads\/sites\/6\/2024\/05\/22130916\/24ChargingElk_001sized.webp\" alt=\"Felicia Chargingelk. Foto de Chuck Bigger, para UCHealth.\" width=\"400\" height=\"267\" \/><figcaption id=\"caption-attachment-76255\" class=\"wp-caption-text\">Felicia Chargingelk. Foto de Chuck Bigger, para UCHealth.<\/figcaption><\/figure>\n<p>&#8220;Siempre me dec\u00eda: &#8216;Vas a trabajar duro, vas a conseguir un trabajo, vas a hacer grandes cosas, vas a ir a la escuela&#8217;. Nunca dijo que no pod\u00eda hacer algo porque estaba en una silla&#8221;.<\/p>\n<p>Chargingelk conoci\u00f3 a su esposo en Facebook y se enamoraron r\u00e1pidamente.<\/p>\n<p>&#8220;El no ve mi silla&#8221;, dijo Chargingelk.<\/p>\n<p>&#8220;Hasta que me topo con ella&#8221;, dice Gouge, sonriendo.<\/p>\n<p>Los dos se casaron el 10 de febrero en el Tribunal del Condado de El Paso. Pero como cualquier mujer joven, Chargingelk quiere llevar un hermoso vestido blanco y tener una gran ceremonia y celebraci\u00f3n con familiares y amigos.<\/p>\n<p>\u201cCuando me ponga un vestido de novia, no quiero verme desequilibrada, as\u00ed que definitivamente enviar\u00e9 fotos m\u00edas del Dr. Botolin en el vestido de novia\u201d.<\/p>\n<p>&#8220;Definitivamente ser\u00e1 un gran d\u00eda para m\u00ed, y mis hombros estar\u00e1n rectos&#8221;.<\/p>\n","protected":false},"excerpt":{"rendered":"<p>Una bala lesion\u00f3 la columna vertebral de Felicia Chargingelk cuando ten\u00eda 3 a\u00f1os. Ella hab\u00eda estado jugando en el patio delantero de su casa en North Platte, Nebraska. Afortunadamente, ella no recuerda el disparo proveniente desde un carro que la dej\u00f3 paralizada desde el pecho hacia abajo. Ahora de 23 a\u00f1os, vive en Colorado Springs [&hellip;]<\/p>\n","protected":false},"author":20,"featured_media":76249,"comment_status":"closed","ping_status":"closed","sticky":false,"template":"","format":"standard","meta":{"_acf_changed":false,"_relevanssi_hide_post":"","_relevanssi_hide_content":"","_relevanssi_pin_for_all":"","_relevanssi_pin_keywords":"","_relevanssi_unpin_keywords":"","_relevanssi_related_keywords":"","_relevanssi_related_include_ids":"","_relevanssi_related_exclude_ids":"","_relevanssi_related_no_append":"","_relevanssi_related_not_related":"","_relevanssi_related_posts":"","_relevanssi_noindex_reason":"","footnotes":""},"categories":[9192],"tags":[9132],"class_list":["post-76668","post","type-post","status-publish","format-standard","has-post-thumbnail","hentry","category-espanol","tag-traducciones-en-espanol"],"acf":[],"yoast_head":"<!-- This site is optimized with the Yoast SEO Premium plugin v27.4 (Yoast SEO v27.4) - https:\/\/yoast.com\/product\/yoast-seo-premium-wordpress\/ -->\n<title>Despu\u00e9s de una compleja cirug\u00eda de columna, &#039;Todo se siente mejor&#039; - UCHealth Today<\/title>\n<meta name=\"description\" content=\"Despu\u00e9s de que le colocaran varillas de titanio en la espalda para ayudar a corregir la escoliosis se rompieron, un cirujano de columna realiz\u00f3 una cirug\u00eda de 9 horas para solucionar el problema.\" \/>\n<meta name=\"robots\" content=\"index, follow, max-snippet:-1, max-image-preview:large, max-video-preview:-1\" \/>\n<link rel=\"canonical\" href=\"https:\/\/www.uchealth.org\/today\/es-despues-de-una-complicada-cirugia-de-columna-todo-se-siente-mejor\/\" \/>\n<meta property=\"og:locale\" content=\"en_US\" \/>\n<meta property=\"og:type\" content=\"article\" \/>\n<meta property=\"og:title\" content=\"Despu\u00e9s de una compleja cirug\u00eda de columna, &#039;todo se siente mejor&#039;\" \/>\n<meta property=\"og:description\" content=\"Despu\u00e9s de que le colocaran varillas de titanio en la espalda para ayudar a corregir la escoliosis se rompieron, un cirujano de columna realiz\u00f3 una cirug\u00eda de 9 horas para solucionar el problema.\" \/>\n<meta property=\"og:url\" content=\"https:\/\/www.uchealth.org\/today\/es-despues-de-una-complicada-cirugia-de-columna-todo-se-siente-mejor\/\" \/>\n<meta property=\"og:site_name\" content=\"UCHealth Today\" \/>\n<meta property=\"article:publisher\" content=\"https:\/\/www.facebook.com\/uchealthorg\/\" \/>\n<meta property=\"article:published_time\" content=\"2024-06-25T22:41:42+00:00\" \/>\n<meta property=\"og:image\" content=\"https:\/\/uchealth-wp-uploads.s3.amazonaws.com\/wp-content\/uploads\/sites\/6\/2024\/05\/22125441\/24ChargingElk_013sized.jpg\" \/>\n\t<meta property=\"og:image:type\" content=\"image\/jpeg\" \/>\n<meta name=\"author\" content=\"Erin Emery, UCHealth\" \/>\n<meta name=\"twitter:card\" content=\"summary_large_image\" \/>\n<meta name=\"twitter:creator\" content=\"@uchealth\" \/>\n<meta name=\"twitter:site\" content=\"@uchealth\" \/>\n<meta name=\"twitter:label1\" content=\"Written by\" \/>\n\t<meta name=\"twitter:data1\" content=\"Erin Emery, UCHealth\" \/>\n\t<meta name=\"twitter:label2\" content=\"Est. reading time\" \/>\n\t<meta name=\"twitter:data2\" content=\"9 minutes\" \/>\n<script type=\"application\/ld+json\" class=\"yoast-schema-graph\">{\"@context\":\"https:\\\/\\\/schema.org\",\"@graph\":[{\"@type\":\"Article\",\"@id\":\"https:\\\/\\\/www.uchealth.org\\\/today\\\/es-despues-de-una-complicada-cirugia-de-columna-todo-se-siente-mejor\\\/#article\",\"isPartOf\":{\"@id\":\"https:\\\/\\\/www.uchealth.org\\\/today\\\/es-despues-de-una-complicada-cirugia-de-columna-todo-se-siente-mejor\\\/\"},\"author\":{\"name\":\"Erin Emery, UCHealth\",\"@id\":\"https:\\\/\\\/www.uchealth.org\\\/today\\\/#\\\/schema\\\/person\\\/f989ee92cb6da7cfb7f697db1c6771b3\"},\"headline\":\"Despu\u00e9s de una compleja cirug\u00eda de columna, &#8216;todo se siente mejor&#8217;\",\"datePublished\":\"2024-06-25T22:41:42+00:00\",\"mainEntityOfPage\":{\"@id\":\"https:\\\/\\\/www.uchealth.org\\\/today\\\/es-despues-de-una-complicada-cirugia-de-columna-todo-se-siente-mejor\\\/\"},\"wordCount\":1815,\"publisher\":{\"@id\":\"https:\\\/\\\/www.uchealth.org\\\/today\\\/#organization\"},\"image\":{\"@id\":\"https:\\\/\\\/www.uchealth.org\\\/today\\\/es-despues-de-una-complicada-cirugia-de-columna-todo-se-siente-mejor\\\/#primaryimage\"},\"thumbnailUrl\":\"https:\\\/\\\/uchealth-wp-uploads.s3.amazonaws.com\\\/wp-content\\\/uploads\\\/sites\\\/6\\\/2024\\\/05\\\/22125441\\\/24ChargingElk_013sized.webp\",\"keywords\":[\"Traducciones en espa\u00f1ol\"],\"articleSection\":[\"Espa\u00f1ol\"],\"inLanguage\":\"en-US\"},{\"@type\":\"WebPage\",\"@id\":\"https:\\\/\\\/www.uchealth.org\\\/today\\\/es-despues-de-una-complicada-cirugia-de-columna-todo-se-siente-mejor\\\/\",\"url\":\"https:\\\/\\\/www.uchealth.org\\\/today\\\/es-despues-de-una-complicada-cirugia-de-columna-todo-se-siente-mejor\\\/\",\"name\":\"Despu\u00e9s de una compleja cirug\u00eda de columna, 'Todo se siente mejor' - UCHealth Today\",\"isPartOf\":{\"@id\":\"https:\\\/\\\/www.uchealth.org\\\/today\\\/#website\"},\"primaryImageOfPage\":{\"@id\":\"https:\\\/\\\/www.uchealth.org\\\/today\\\/es-despues-de-una-complicada-cirugia-de-columna-todo-se-siente-mejor\\\/#primaryimage\"},\"image\":{\"@id\":\"https:\\\/\\\/www.uchealth.org\\\/today\\\/es-despues-de-una-complicada-cirugia-de-columna-todo-se-siente-mejor\\\/#primaryimage\"},\"thumbnailUrl\":\"https:\\\/\\\/uchealth-wp-uploads.s3.amazonaws.com\\\/wp-content\\\/uploads\\\/sites\\\/6\\\/2024\\\/05\\\/22125441\\\/24ChargingElk_013sized.webp\",\"datePublished\":\"2024-06-25T22:41:42+00:00\",\"description\":\"Despu\u00e9s de que le colocaran varillas de titanio en la espalda para ayudar a corregir la escoliosis se rompieron, un cirujano de columna realiz\u00f3 una cirug\u00eda de 9 horas para solucionar el problema.\",\"breadcrumb\":{\"@id\":\"https:\\\/\\\/www.uchealth.org\\\/today\\\/es-despues-de-una-complicada-cirugia-de-columna-todo-se-siente-mejor\\\/#breadcrumb\"},\"inLanguage\":\"en-US\",\"potentialAction\":[{\"@type\":\"ReadAction\",\"target\":[\"https:\\\/\\\/www.uchealth.org\\\/today\\\/es-despues-de-una-complicada-cirugia-de-columna-todo-se-siente-mejor\\\/\"]}]},{\"@type\":\"ImageObject\",\"inLanguage\":\"en-US\",\"@id\":\"https:\\\/\\\/www.uchealth.org\\\/today\\\/es-despues-de-una-complicada-cirugia-de-columna-todo-se-siente-mejor\\\/#primaryimage\",\"url\":\"https:\\\/\\\/uchealth-wp-uploads.s3.amazonaws.com\\\/wp-content\\\/uploads\\\/sites\\\/6\\\/2024\\\/05\\\/22125441\\\/24ChargingElk_013sized.webp\",\"contentUrl\":\"https:\\\/\\\/uchealth-wp-uploads.s3.amazonaws.com\\\/wp-content\\\/uploads\\\/sites\\\/6\\\/2024\\\/05\\\/22125441\\\/24ChargingElk_013sized.webp\",\"width\":800,\"height\":533,\"caption\":\"Felicia Chargingelk se toma un momento con su perro. Foto de Chuck Bigger, para UCHealth.\"},{\"@type\":\"BreadcrumbList\",\"@id\":\"https:\\\/\\\/www.uchealth.org\\\/today\\\/es-despues-de-una-complicada-cirugia-de-columna-todo-se-siente-mejor\\\/#breadcrumb\",\"itemListElement\":[{\"@type\":\"ListItem\",\"position\":1,\"name\":\"Home\",\"item\":\"https:\\\/\\\/www.uchealth.org\\\/today\\\/\"},{\"@type\":\"ListItem\",\"position\":2,\"name\":\"Despu\u00e9s de una compleja cirug\u00eda de columna, &#8216;todo se siente mejor&#8217;\"}]},{\"@type\":\"WebSite\",\"@id\":\"https:\\\/\\\/www.uchealth.org\\\/today\\\/#website\",\"url\":\"https:\\\/\\\/www.uchealth.org\\\/today\\\/\",\"name\":\"UCHealth Today\",\"description\":\"UCHealth Today\",\"publisher\":{\"@id\":\"https:\\\/\\\/www.uchealth.org\\\/today\\\/#organization\"},\"potentialAction\":[{\"@type\":\"SearchAction\",\"target\":{\"@type\":\"EntryPoint\",\"urlTemplate\":\"https:\\\/\\\/www.uchealth.org\\\/today\\\/?s={search_term_string}\"},\"query-input\":{\"@type\":\"PropertyValueSpecification\",\"valueRequired\":true,\"valueName\":\"search_term_string\"}}],\"inLanguage\":\"en-US\"},{\"@type\":\"Organization\",\"@id\":\"https:\\\/\\\/www.uchealth.org\\\/today\\\/#organization\",\"name\":\"UCHealth\",\"url\":\"https:\\\/\\\/www.uchealth.org\\\/today\\\/\",\"logo\":{\"@type\":\"ImageObject\",\"inLanguage\":\"en-US\",\"@id\":\"https:\\\/\\\/www.uchealth.org\\\/today\\\/#\\\/schema\\\/logo\\\/image\\\/\",\"url\":\"https:\\\/\\\/uchealth-wp-uploads.s3.amazonaws.com\\\/wp-content\\\/uploads\\\/sites\\\/6\\\/2020\\\/04\\\/24135149\\\/UCHealth-square-logo-1000x1000-1.jpg\",\"contentUrl\":\"https:\\\/\\\/uchealth-wp-uploads.s3.amazonaws.com\\\/wp-content\\\/uploads\\\/sites\\\/6\\\/2020\\\/04\\\/24135149\\\/UCHealth-square-logo-1000x1000-1.jpg\",\"width\":1000,\"height\":1000,\"caption\":\"UCHealth\"},\"image\":{\"@id\":\"https:\\\/\\\/www.uchealth.org\\\/today\\\/#\\\/schema\\\/logo\\\/image\\\/\"},\"sameAs\":[\"https:\\\/\\\/www.facebook.com\\\/uchealthorg\\\/\",\"https:\\\/\\\/x.com\\\/uchealth\",\"https:\\\/\\\/www.instagram.com\\\/uchealth\\\/\",\"https:\\\/\\\/www.linkedin.com\\\/school\\\/14839\\\/\",\"https:\\\/\\\/www.pinterest.com\\\/uchealthorg\\\/\",\"https:\\\/\\\/www.youtube.com\\\/channel\\\/UC41SJI79yjZIe96OajzN22g\"]},{\"@type\":\"Person\",\"@id\":\"https:\\\/\\\/www.uchealth.org\\\/today\\\/#\\\/schema\\\/person\\\/f989ee92cb6da7cfb7f697db1c6771b3\",\"name\":\"Erin Emery, UCHealth\",\"image\":{\"@type\":\"ImageObject\",\"inLanguage\":\"en-US\",\"@id\":\"https:\\\/\\\/secure.gravatar.com\\\/avatar\\\/dcbc519a86e2e2bbb057b69be9251292a18359ac42f269269b20ff261f26358b?s=96&d=mm&r=g\",\"url\":\"https:\\\/\\\/secure.gravatar.com\\\/avatar\\\/dcbc519a86e2e2bbb057b69be9251292a18359ac42f269269b20ff261f26358b?s=96&d=mm&r=g\",\"contentUrl\":\"https:\\\/\\\/secure.gravatar.com\\\/avatar\\\/dcbc519a86e2e2bbb057b69be9251292a18359ac42f269269b20ff261f26358b?s=96&d=mm&r=g\",\"caption\":\"Erin Emery, UCHealth\"},\"description\":\"Erin Emery was a long-time writer and editor UCHealth Today. She also spent years as a reporter for The Denver Post, the Colorado Springs Gazette and the Colorado Springs Sun. Erin was part of a team of Denver Post reporters who won the 2000 Pulitzer Prize for breaking news reporting.\",\"url\":\"https:\\\/\\\/www.uchealth.org\\\/today\\\/author\\\/eemery\\\/\"}]}<\/script>\n<!-- \/ Yoast SEO Premium plugin. -->","yoast_head_json":{"title":"Despu\u00e9s de una compleja cirug\u00eda de columna, 'Todo se siente mejor' - UCHealth Today","description":"Despu\u00e9s de que le colocaran varillas de titanio en la espalda para ayudar a corregir la escoliosis se rompieron, un cirujano de columna realiz\u00f3 una cirug\u00eda de 9 horas para solucionar el problema.","robots":{"index":"index","follow":"follow","max-snippet":"max-snippet:-1","max-image-preview":"max-image-preview:large","max-video-preview":"max-video-preview:-1"},"canonical":"https:\/\/www.uchealth.org\/today\/es-despues-de-una-complicada-cirugia-de-columna-todo-se-siente-mejor\/","og_locale":"en_US","og_type":"article","og_title":"Despu\u00e9s de una compleja cirug\u00eda de columna, 'todo se siente mejor'","og_description":"Despu\u00e9s de que le colocaran varillas de titanio en la espalda para ayudar a corregir la escoliosis se rompieron, un cirujano de columna realiz\u00f3 una cirug\u00eda de 9 horas para solucionar el problema.","og_url":"https:\/\/www.uchealth.org\/today\/es-despues-de-una-complicada-cirugia-de-columna-todo-se-siente-mejor\/","og_site_name":"UCHealth Today","article_publisher":"https:\/\/www.facebook.com\/uchealthorg\/","article_published_time":"2024-06-25T22:41:42+00:00","og_image":[{"url":"https:\/\/uchealth-wp-uploads.s3.amazonaws.com\/wp-content\/uploads\/sites\/6\/2024\/05\/22125441\/24ChargingElk_013sized.jpg","type":"image\/jpeg"}],"author":"Erin Emery, UCHealth","twitter_card":"summary_large_image","twitter_creator":"@uchealth","twitter_site":"@uchealth","twitter_misc":{"Written by":"Erin Emery, UCHealth","Est. reading time":"9 minutes"},"schema":{"@context":"https:\/\/schema.org","@graph":[{"@type":"Article","@id":"https:\/\/www.uchealth.org\/today\/es-despues-de-una-complicada-cirugia-de-columna-todo-se-siente-mejor\/#article","isPartOf":{"@id":"https:\/\/www.uchealth.org\/today\/es-despues-de-una-complicada-cirugia-de-columna-todo-se-siente-mejor\/"},"author":{"name":"Erin Emery, UCHealth","@id":"https:\/\/www.uchealth.org\/today\/#\/schema\/person\/f989ee92cb6da7cfb7f697db1c6771b3"},"headline":"Despu\u00e9s de una compleja cirug\u00eda de columna, &#8216;todo se siente mejor&#8217;","datePublished":"2024-06-25T22:41:42+00:00","mainEntityOfPage":{"@id":"https:\/\/www.uchealth.org\/today\/es-despues-de-una-complicada-cirugia-de-columna-todo-se-siente-mejor\/"},"wordCount":1815,"publisher":{"@id":"https:\/\/www.uchealth.org\/today\/#organization"},"image":{"@id":"https:\/\/www.uchealth.org\/today\/es-despues-de-una-complicada-cirugia-de-columna-todo-se-siente-mejor\/#primaryimage"},"thumbnailUrl":"https:\/\/uchealth-wp-uploads.s3.amazonaws.com\/wp-content\/uploads\/sites\/6\/2024\/05\/22125441\/24ChargingElk_013sized.webp","keywords":["Traducciones en espa\u00f1ol"],"articleSection":["Espa\u00f1ol"],"inLanguage":"en-US"},{"@type":"WebPage","@id":"https:\/\/www.uchealth.org\/today\/es-despues-de-una-complicada-cirugia-de-columna-todo-se-siente-mejor\/","url":"https:\/\/www.uchealth.org\/today\/es-despues-de-una-complicada-cirugia-de-columna-todo-se-siente-mejor\/","name":"Despu\u00e9s de una compleja cirug\u00eda de columna, 'Todo se siente mejor' - UCHealth Today","isPartOf":{"@id":"https:\/\/www.uchealth.org\/today\/#website"},"primaryImageOfPage":{"@id":"https:\/\/www.uchealth.org\/today\/es-despues-de-una-complicada-cirugia-de-columna-todo-se-siente-mejor\/#primaryimage"},"image":{"@id":"https:\/\/www.uchealth.org\/today\/es-despues-de-una-complicada-cirugia-de-columna-todo-se-siente-mejor\/#primaryimage"},"thumbnailUrl":"https:\/\/uchealth-wp-uploads.s3.amazonaws.com\/wp-content\/uploads\/sites\/6\/2024\/05\/22125441\/24ChargingElk_013sized.webp","datePublished":"2024-06-25T22:41:42+00:00","description":"Despu\u00e9s de que le colocaran varillas de titanio en la espalda para ayudar a corregir la escoliosis se rompieron, un cirujano de columna realiz\u00f3 una cirug\u00eda de 9 horas para solucionar el problema.","breadcrumb":{"@id":"https:\/\/www.uchealth.org\/today\/es-despues-de-una-complicada-cirugia-de-columna-todo-se-siente-mejor\/#breadcrumb"},"inLanguage":"en-US","potentialAction":[{"@type":"ReadAction","target":["https:\/\/www.uchealth.org\/today\/es-despues-de-una-complicada-cirugia-de-columna-todo-se-siente-mejor\/"]}]},{"@type":"ImageObject","inLanguage":"en-US","@id":"https:\/\/www.uchealth.org\/today\/es-despues-de-una-complicada-cirugia-de-columna-todo-se-siente-mejor\/#primaryimage","url":"https:\/\/uchealth-wp-uploads.s3.amazonaws.com\/wp-content\/uploads\/sites\/6\/2024\/05\/22125441\/24ChargingElk_013sized.webp","contentUrl":"https:\/\/uchealth-wp-uploads.s3.amazonaws.com\/wp-content\/uploads\/sites\/6\/2024\/05\/22125441\/24ChargingElk_013sized.webp","width":800,"height":533,"caption":"Felicia Chargingelk se toma un momento con su perro. Foto de Chuck Bigger, para UCHealth."},{"@type":"BreadcrumbList","@id":"https:\/\/www.uchealth.org\/today\/es-despues-de-una-complicada-cirugia-de-columna-todo-se-siente-mejor\/#breadcrumb","itemListElement":[{"@type":"ListItem","position":1,"name":"Home","item":"https:\/\/www.uchealth.org\/today\/"},{"@type":"ListItem","position":2,"name":"Despu\u00e9s de una compleja cirug\u00eda de columna, &#8216;todo se siente mejor&#8217;"}]},{"@type":"WebSite","@id":"https:\/\/www.uchealth.org\/today\/#website","url":"https:\/\/www.uchealth.org\/today\/","name":"UCHealth Today","description":"UCHealth Today","publisher":{"@id":"https:\/\/www.uchealth.org\/today\/#organization"},"potentialAction":[{"@type":"SearchAction","target":{"@type":"EntryPoint","urlTemplate":"https:\/\/www.uchealth.org\/today\/?s={search_term_string}"},"query-input":{"@type":"PropertyValueSpecification","valueRequired":true,"valueName":"search_term_string"}}],"inLanguage":"en-US"},{"@type":"Organization","@id":"https:\/\/www.uchealth.org\/today\/#organization","name":"UCHealth","url":"https:\/\/www.uchealth.org\/today\/","logo":{"@type":"ImageObject","inLanguage":"en-US","@id":"https:\/\/www.uchealth.org\/today\/#\/schema\/logo\/image\/","url":"https:\/\/uchealth-wp-uploads.s3.amazonaws.com\/wp-content\/uploads\/sites\/6\/2020\/04\/24135149\/UCHealth-square-logo-1000x1000-1.jpg","contentUrl":"https:\/\/uchealth-wp-uploads.s3.amazonaws.com\/wp-content\/uploads\/sites\/6\/2020\/04\/24135149\/UCHealth-square-logo-1000x1000-1.jpg","width":1000,"height":1000,"caption":"UCHealth"},"image":{"@id":"https:\/\/www.uchealth.org\/today\/#\/schema\/logo\/image\/"},"sameAs":["https:\/\/www.facebook.com\/uchealthorg\/","https:\/\/x.com\/uchealth","https:\/\/www.instagram.com\/uchealth\/","https:\/\/www.linkedin.com\/school\/14839\/","https:\/\/www.pinterest.com\/uchealthorg\/","https:\/\/www.youtube.com\/channel\/UC41SJI79yjZIe96OajzN22g"]},{"@type":"Person","@id":"https:\/\/www.uchealth.org\/today\/#\/schema\/person\/f989ee92cb6da7cfb7f697db1c6771b3","name":"Erin Emery, UCHealth","image":{"@type":"ImageObject","inLanguage":"en-US","@id":"https:\/\/secure.gravatar.com\/avatar\/dcbc519a86e2e2bbb057b69be9251292a18359ac42f269269b20ff261f26358b?s=96&d=mm&r=g","url":"https:\/\/secure.gravatar.com\/avatar\/dcbc519a86e2e2bbb057b69be9251292a18359ac42f269269b20ff261f26358b?s=96&d=mm&r=g","contentUrl":"https:\/\/secure.gravatar.com\/avatar\/dcbc519a86e2e2bbb057b69be9251292a18359ac42f269269b20ff261f26358b?s=96&d=mm&r=g","caption":"Erin Emery, UCHealth"},"description":"Erin Emery was a long-time writer and editor UCHealth Today. She also spent years as a reporter for The Denver Post, the Colorado Springs Gazette and the Colorado Springs Sun. Erin was part of a team of Denver Post reporters who won the 2000 Pulitzer Prize for breaking news reporting.","url":"https:\/\/www.uchealth.org\/today\/author\/eemery\/"}]}},"coauthors":[{"id":20,"name":"Erin Emery","link":"https:\/\/www.uchealth.org\/today\/author\/eemery\/"}],"_links":{"self":[{"href":"https:\/\/www.uchealth.org\/today\/wp-json\/wp\/v2\/posts\/76668","targetHints":{"allow":["GET"]}}],"collection":[{"href":"https:\/\/www.uchealth.org\/today\/wp-json\/wp\/v2\/posts"}],"about":[{"href":"https:\/\/www.uchealth.org\/today\/wp-json\/wp\/v2\/types\/post"}],"author":[{"embeddable":true,"href":"https:\/\/www.uchealth.org\/today\/wp-json\/wp\/v2\/users\/20"}],"replies":[{"embeddable":true,"href":"https:\/\/www.uchealth.org\/today\/wp-json\/wp\/v2\/comments?post=76668"}],"version-history":[{"count":4,"href":"https:\/\/www.uchealth.org\/today\/wp-json\/wp\/v2\/posts\/76668\/revisions"}],"predecessor-version":[{"id":76673,"href":"https:\/\/www.uchealth.org\/today\/wp-json\/wp\/v2\/posts\/76668\/revisions\/76673"}],"wp:featuredmedia":[{"embeddable":true,"href":"https:\/\/www.uchealth.org\/today\/wp-json\/wp\/v2\/media\/76249"}],"wp:attachment":[{"href":"https:\/\/www.uchealth.org\/today\/wp-json\/wp\/v2\/media?parent=76668"}],"wp:term":[{"taxonomy":"category","embeddable":true,"href":"https:\/\/www.uchealth.org\/today\/wp-json\/wp\/v2\/categories?post=76668"},{"taxonomy":"post_tag","embeddable":true,"href":"https:\/\/www.uchealth.org\/today\/wp-json\/wp\/v2\/tags?post=76668"}],"curies":[{"name":"wp","href":"https:\/\/api.w.org\/{rel}","templated":true}]}}