{"id":76049,"date":"2025-05-19T08:00:40","date_gmt":"2025-05-19T14:00:40","guid":{"rendered":"https:\/\/www.uchealth.org\/today\/?p=76049"},"modified":"2025-05-23T13:46:51","modified_gmt":"2025-05-23T19:46:51","slug":"es-cosas-que-hacer-en-junio-en-colorado","status":"publish","type":"post","link":"https:\/\/www.uchealth.org\/today\/es-cosas-que-hacer-en-junio-en-colorado\/","title":{"rendered":"Sol, Orgullo y velocidad: 6 maneras de sacarle provecho a Colorado en junio"},"content":{"rendered":"<div style=\"margin-top: 0px; margin-bottom: 0px;\" class=\"sharethis-inline-share-buttons\" ><\/div><figure id=\"attachment_83192\" aria-describedby=\"caption-attachment-83192\" style=\"width: 640px\" class=\"wp-caption aligncenter\"><img loading=\"lazy\" decoding=\"async\" class=\"wp-image-83192\" src=\"https:\/\/uchealth-wp-uploads.s3.amazonaws.com\/wp-content\/uploads\/sites\/6\/2025\/05\/16135635\/chalk-festival-1-web.webp\" alt=\"El Denver Chalk Art Festival o Festival de Arte con Tiza de Denver, ofrece hermosas y elaboradas obras de arte con tiza, m\u00fasica en vivo, food trucks y diversos vendedores de artesan\u00edas y art\u00edculos relacionados con el arte. Foto cortes\u00eda de Denver Chalk Art Festival.\" width=\"640\" height=\"402\" \/><figcaption id=\"caption-attachment-83192\" class=\"wp-caption-text\">El Denver Chalk Art Festival o Festival de Arte con Tiza de Denver, ofrece hermosas y elaboradas obras de arte con tiza, m\u00fasica en vivo, food trucks y diversos vendedores de artesan\u00edas y art\u00edculos relacionados con el arte. Foto cortes\u00eda de Denver Chalk Art Festival.<\/figcaption><\/figure>\n<p>Junio trae una variedad de actividades para disfrutar en Colorado. Es el momento perfecto para sacarle provecho a abundantes actividades al aire libre en las monta\u00f1as o de festivales y conciertos por todo el estado. Aqu\u00ed tiene una muestra de eventos para divertirse al m\u00e1ximo.<\/p>\n<h2><strong>7 y 8 de junio: Chalk Art Festival en Denver<\/strong><\/h2>\n<figure id=\"attachment_83193\" aria-describedby=\"caption-attachment-83193\" style=\"width: 288px\" class=\"wp-caption alignleft\"><img loading=\"lazy\" decoding=\"async\" class=\"wp-image-83193\" src=\"https:\/\/uchealth-wp-uploads.s3.amazonaws.com\/wp-content\/uploads\/sites\/6\/2025\/05\/16135637\/chalk-festival-2-web.webp\" alt=\"The Denver Chalk Art Festival o Festival de Arte con Tiza, ofrece hermosas obras de arte, m\u00fasica en vivo, food trucks y muestras de diversos vendedores de artesan\u00edas y art\u00edculos relacionados. Foto cortes\u00eda de Denver Chalk Art Festival. \" width=\"288\" height=\"350\" \/><figcaption id=\"caption-attachment-83193\" class=\"wp-caption-text\">The Denver Chalk Art Festival o Festival de Arte con Tiza, ofrece hermosas obras de arte, m\u00fasica en vivo, food trucks y muestras de diversos vendedores de artesan\u00edas y art\u00edculos relacionados. Foto cortes\u00eda de Denver Chalk Art Festival.<\/figcaption><\/figure>\n<p>Artistas locales e internacionales exhiben su talento y creatividad creando complejas <a id=\"\" href=\"https:\/\/denverchalk.art\/\" target=\"_blank\" rel=\"noopener\">obras maestras a base de tiza en las calles del centro de Denver<\/a>. El festival, que comenz\u00f3 en 2003 como un peque\u00f1o evento comunitario, se ha convertido en uno de los festivales de arte con tiza m\u00e1s grandes del mundo.<\/p>\n<div class=\"su-divider su-divider-style-default\" style=\"margin:15px 0;border-width:3px;border-color:#999999\"><\/div>\n<h2><strong>15 de junio: Exhibici\u00f3n de autos por el D\u00eda del Padre en Pueblo<\/strong><\/h2>\n<figure id=\"attachment_83195\" aria-describedby=\"caption-attachment-83195\" style=\"width: 415px\" class=\"wp-caption alignleft\"><img loading=\"lazy\" decoding=\"async\" class=\"wp-image-83195\" src=\"https:\/\/uchealth-wp-uploads.s3.amazonaws.com\/wp-content\/uploads\/sites\/6\/2025\/05\/16135648\/Pueblo-car-show-web.webp\" alt=\"La exhibici\u00f3n anual de autos del D\u00eda del Padre en Pueblo, Colorado, se lleva a cabo anualmente en junio. Foto cortes\u00eda del Pueblo Christian Center.\" width=\"415\" height=\"264\" \/><figcaption id=\"caption-attachment-83195\" class=\"wp-caption-text\">La exhibici\u00f3n anual de autos del D\u00eda del Padre en Pueblo, Colorado, se lleva a cabo anualmente en junio. Foto cortes\u00eda del Pueblo Christian Center.<\/figcaption><\/figure>\n<p>Este D\u00eda del Padre, lleve a pap\u00e1 al centro de Pueblo para la <a id=\"\" href=\"https:\/\/fathersdaycars.com\/\" target=\"_blank\" rel=\"noopener\">Exhibici\u00f3n Anual de Autos<\/a> del D\u00eda del Padre. Este evento gratuito se llevar\u00e1 a cabo de 10:30 a.m. a 1:30 p.m. en el estacionamiento de Pueblo Christian Center, ubicado en 1605 S. Pueblo Blvd.<\/p>\n<p>Admire coches cl\u00e1sicos o del\u00e9itese en las curvas de camiones y motocicletas de todo tipo. Luego, vote por su veh\u00edculo favorito en cada categor\u00eda.<\/p>\n<p>Rel\u00e1jese bajo la gran carpa cubierta mientras disfruta de comida, helados o conos de nieve de los vendedores locales. Habr\u00e1 castillos inflables y juegos para entretener a los ni\u00f1os.<\/p>\n<p>Registre su veh\u00edculo en el <a id=\"\" href=\"https:\/\/fathersdaycars.com\/\" target=\"_blank\" rel=\"noopener\">sitio web del evento<\/a>. Las categor\u00edas incluyen autos de 1932 a 2000 en adelante, camiones, motocicletas y veh\u00edculos lowrider. Tambi\u00e9n encontrar\u00e1 informaci\u00f3n en su p\u00e1gina de Facebook. Si tiene alguna pregunta, comun\u00edquese con Pueblo Christian Center al <a href=\"tel:7195643310\">719.564.3310<\/a>.<\/p>\n<div class=\"su-divider su-divider-style-default\" style=\"margin:15px 0;border-width:3px;border-color:#999999\"><\/div>\n<h2><strong>20 y 22 de junio:\u00a0<\/strong><strong style=\"font-family: Avenir85Heavy, Avenir, Arial, sans-serif\">El<\/strong><strong style=\"color: inherit\">\u00a0Broadmoor Pikes Peak International Hill Climb en Colorado Springs<\/strong><\/h2>\n<figure id=\"attachment_83197\" aria-describedby=\"caption-attachment-83197\" style=\"width: 350px\" class=\"wp-caption alignleft\"><img loading=\"lazy\" decoding=\"async\" class=\"wp-image-83197\" src=\"https:\/\/uchealth-wp-uploads.s3.amazonaws.com\/wp-content\/uploads\/sites\/6\/2025\/05\/16135745\/historic-pikes-peak-hill-climb2-courtesy-History-Colorado-Collection-and-the-Stephen-H-Hart-Research-Center-web.webp\" alt=\"Una fotograf\u00eda hist\u00f3rica de Pikes Peak Hill Climb de la Colecci\u00f3n History Colorado, cortes\u00eda del Centro de Investigaci\u00f3n Stephen H. Hart.\" width=\"350\" height=\"282\" \/><figcaption id=\"caption-attachment-83197\" class=\"wp-caption-text\">Una fotograf\u00eda hist\u00f3rica de Pikes Peak Hill Climb de la Colecci\u00f3n History Colorado, cortes\u00eda del Centro de Investigaci\u00f3n Stephen H. Hart.<\/figcaption><\/figure>\n<p>Tambi\u00e9n conocida como <a id=\"\" href=\"https:\/\/ppihc.org\/about\/\" target=\"_blank\" rel=\"noopener\">&#8220;La Carrera a las Nubes&#8221;<\/a>, esta carrera automovil\u00edstica a la cima de Pikes Peak es un espect\u00e1culo inolvidable. Spencer Penrose la inaugur\u00f3 en 1916 y ahora atrae a algunos de los mejores pilotos y corredores del mundo.<\/p>\n<p>El camino a la cima tiene 12.42 millas (19 kil\u00f3metros) de largo e incluye 156 curvas. El piloto que llegue a la meta en la cima de Pikes Peak, ubicada a 14,115 pies (4,370 metros) sobre el nivel del mar, ser\u00e1 coronado &#8220;rey de la monta\u00f1a&#8221;.<\/p>\n<p>El 20 de junio, el viernes por la noche antes de la carrera, Colorado Springs organiza un &#8220;Fan Fest&#8221;, una fiesta de 10 manzanas donde la gente puede conocer a los pilotos, patrocinadores y ver eventos de motocross. Los espectadores deben comprar una entrada en l\u00ednea. Pueden ver la carrera desde una de las dos \u00e1reas para espectadores. Tambi\u00e9n hay entradas disponibles para acampar.<\/p>\n<div class=\"su-divider su-divider-style-default\" style=\"margin:15px 0;border-width:3px;border-color:#999999\"><\/div>\n<h2><strong>25 de junio: D\u00eda de ir en bicicleta al trabajo en todo Colorado<\/strong><\/h2>\n<figure id=\"attachment_51624\" aria-describedby=\"caption-attachment-51624\" style=\"width: 350px\" class=\"wp-caption alignleft\"><img loading=\"lazy\" decoding=\"async\" class=\"wp-image-51624\" src=\"https:\/\/uchealth-wp-uploads.s3.amazonaws.com\/wp-content\/uploads\/sites\/6\/2019\/06\/17101413\/bike-work1-tiny.webp\" alt=\"Junio es el Mes de la Bicicleta en Colorado, e incluye \u201cD\u00eda de ir al Trabajo en Bicicleta\u201d, evento que abarca a diversas comunidades alrededor del estado. Foto: Getty Images.\" width=\"350\" height=\"233\" srcset=\"https:\/\/uchealth-wp-uploads.s3.amazonaws.com\/wp-content\/uploads\/sites\/6\/2019\/06\/17101413\/bike-work1-tiny.webp 1200w, https:\/\/uchealth-wp-uploads.s3.amazonaws.com\/wp-content\/uploads\/sites\/6\/2019\/06\/17101413\/bike-work1-tiny-300x200.webp 300w, https:\/\/uchealth-wp-uploads.s3.amazonaws.com\/wp-content\/uploads\/sites\/6\/2019\/06\/17101413\/bike-work1-tiny-1024x683.webp 1024w, https:\/\/uchealth-wp-uploads.s3.amazonaws.com\/wp-content\/uploads\/sites\/6\/2019\/06\/17101413\/bike-work1-tiny-768x512.webp 768w, https:\/\/uchealth-wp-uploads.s3.amazonaws.com\/wp-content\/uploads\/sites\/6\/2019\/06\/17101413\/bike-work1-tiny-150x100.webp 150w, https:\/\/uchealth-wp-uploads.s3.amazonaws.com\/wp-content\/uploads\/sites\/6\/2019\/06\/17101413\/bike-work1-tiny-200x133.webp 200w\" sizes=\"auto, (max-width: 350px) 100vw, 350px\" \/><figcaption id=\"caption-attachment-51624\" class=\"wp-caption-text\">Junio es el Mes de la Bicicleta en Colorado, e incluye \u201cD\u00eda de ir al Trabajo en Bicicleta\u201d, evento que abarca a diversas comunidades alrededor del estado. Foto: Getty Images.<\/figcaption><\/figure>\n<p>Las comunidades desaf\u00edan a los residentes de Colorado a probar la bicicleta como medio de transporte durante al menos un d\u00eda, ya sea para ir al trabajo o al supermercado.<\/p>\n<p>Seg\u00fan la <a id=\"\" href=\"https:\/\/www.bikeleague.org\/\" target=\"_blank\" rel=\"noopener\">League of American Bicyclists<\/a> (Liga de Ciclistas Estadounidenses), una persona promedio que se desplaza en bicicleta al trabajo pierde 13 libras durante su primer a\u00f1o. Para las mujeres, un desplazamiento de 30 minutos diarios en bicicleta, puede reducir a la mitad el riesgo de insuficiencia card\u00edaca y, al mismo tiempo, el riesgo de c\u00e1ncer de mama. Adem\u00e1s de promover los beneficios del ciclismo para la salud, los eventos &#8220;Viajar al Trabajo en Bicicleta&#8221; tambi\u00e9n destacan el ahorro de costos y los beneficios para el medio ambiente, a la vez que promueven una infraestructura comunitaria para el ciclismo seguro.<\/p>\n<p>Disfrute de este d\u00eda de diversi\u00f3n en su \u00e1rea mientras grupos locales, organizaciones de defensa del ciclismo y empresas instalan estaciones a lo largo de rutas seguras para bicicletas y regalan caf\u00e9, art\u00edculos para el desayuno y muestras de aprecio a quienes usan bicicletas.<\/p>\n<p>Puede comprometerse a ir en bicicleta ese d\u00eda, ser anfitri\u00f3n de una estaci\u00f3n, registrarse en un desaf\u00edo empresarial u obtener materiales promocionales en el sitio web de <a id=\"\" href=\"https:\/\/www.drcog.org\/bike-to-work-day\" target=\"_blank\" rel=\"noopener\">Bike to Work Day<\/a>.<\/p>\n<div class=\"su-divider su-divider-style-default\" style=\"margin:15px 0;border-width:3px;border-color:#999999\"><\/div>\n<h2><strong>Del 25 de junio al 6 de julio: Greeley Stampede en Greeley<\/strong><\/h2>\n<figure id=\"attachment_83194\" aria-describedby=\"caption-attachment-83194\" style=\"width: 350px\" class=\"wp-caption alignleft\"><img loading=\"lazy\" decoding=\"async\" class=\"wp-image-83194\" src=\"https:\/\/uchealth-wp-uploads.s3.amazonaws.com\/wp-content\/uploads\/sites\/6\/2025\/05\/16135644\/2024_Greeley-Stampede_photo-Jake-Hodnett-web.webp\" alt=\"El Greeley Stampede es un evento dedicado a los rodeos. Foto de Jake Hodnett, cortes\u00eda de The Greeley Stampede.\" width=\"350\" height=\"248\" \/><figcaption id=\"caption-attachment-83194\" class=\"wp-caption-text\">El Greeley Stampede es un evento dedicado a los rodeos. Foto de Jake Hodnett, cortes\u00eda de The Greeley Stampede.<\/figcaption><\/figure>\n<p>Rodeos, conciertos y diversi\u00f3n en familia. <a id=\"\" href=\"https:\/\/www.greeleystampede.org\/\" target=\"_blank\" rel=\"noopener\">El Greeley Stampede<\/a> lo tiene todo.<\/p>\n<p>Esta celebraci\u00f3n anual se lleva a cabo desde hace m\u00e1s de 100 a\u00f1os y ofrece entretenimiento para todos los gustos. El variado programa de eventos incluye un rodeo de la Herencia de M\u00e9xico, un derbi de demolici\u00f3n, actividades infantiles y rodeos profesionales de la PRCA (Professional Rodeo Cowboys Association- Asociaci\u00f3n Profesional de Vaqueros de Rodeo).<\/p>\n<p>The Greeley Stampede es el evento de verano m\u00e1s grande de la ciudad, no se lo pierda.<\/p>\n<div class=\"su-divider su-divider-style-default\" style=\"margin:15px 0;border-width:3px;border-color:#999999\"><\/div>\n<h2><strong>A lo largo del mes de junio: Orgullo en todo Colorado<\/strong><\/h2>\n<figure id=\"attachment_83196\" aria-describedby=\"caption-attachment-83196\" style=\"width: 350px\" class=\"wp-caption alignleft\"><img loading=\"lazy\" decoding=\"async\" class=\"wp-image-83196\" src=\"https:\/\/uchealth-wp-uploads.s3.amazonaws.com\/wp-content\/uploads\/sites\/6\/2025\/05\/16135652\/june-pride-events-Photo-by-Natasha-Rigg-and-courtesy-of-Denver-Pride-web.webp\" alt=\"Junio es el Pride Month (Mes del Orgullo), un momento para visibilizar, abogar y celebrar la identidad, amor e igualdad. Foto de Natasha Rigg, cortes\u00eda de Denver Pride.\" width=\"350\" height=\"234\" \/><figcaption id=\"caption-attachment-83196\" class=\"wp-caption-text\">Junio es el Pride Month (Mes del Orgullo), un momento para visibilizar, abogar y celebrar la identidad, amor e igualdad. Foto de Natasha Rigg, cortes\u00eda de Denver Pride.<\/figcaption><\/figure>\n<p>Uno de los eventos m\u00e1s grandes del estado es el Denver\u2019s PrideFest (Festival del Orgullo de Denver), pero los eventos del Orgullo se celebran en todo Colorado en junio. Encuentre uno de estos, disfrute de una celebraci\u00f3n vibrante y haga nuevos amigos. Otras comunidades organizan eventos del Orgullo en diferentes \u00e9pocas del a\u00f1o. En Fort Collins, consulte su <a id=\"\" href=\"https:\/\/rainbowrootscolorado.org\/calendar\/\" target=\"_blank\" rel=\"noopener\">calendario mensual<\/a> para ver los eventos relacionados con el Orgullo. Los eventos del <a id=\"\" href=\"https:\/\/www.socoequality.org\/\" target=\"_blank\" rel=\"noopener\">Orgullo de Pueblo<\/a> y del <a href=\"https:\/\/www.aurorapride.com\/\">Orgullo de Aurora<\/a> se celebran en agosto.<\/p>\n<p><strong>14 y 15 de junio:<\/strong> <a id=\"\" href=\"https:\/\/www.pikespeakpride.org\/\" target=\"_blank\" rel=\"noopener\"><strong>Pikes Peak Pride<\/strong><\/a>. Este evento comunitario atrae a miles de personas al centro de Colorado Springs para dos d\u00edas de diversi\u00f3n, apoyo y educaci\u00f3n. Habr\u00e1 vendedores, food trucks, entretenimiento din\u00e1mico y una plaza para los ni\u00f1os. No se pierda el desfile del domingo a las 11 a.m., desde el Parque Acacia hasta el Museo Pioneer, pasando por la calle Tejon.<\/p>\n<p><strong>28 y 29 de junio: <\/strong><a id=\"\" href=\"https:\/\/denverpride.org\/\" target=\"_blank\" rel=\"noopener\"><strong>Denver Pride<\/strong><\/a><strong>.<\/strong> El fin de semana arranca con la Carrera del Orgullo de 5 km el 28 de junio, seguida de cientos de vendedores, expositores y actuaciones en vivo en el Parque Civic Center. No olvide asistir al Desfile del Orgullo de Coors Light Denver el domingo a las 9:30 a.m., desde el Parque Cheesman hasta el Parque Civic Center, pasando por Colfax.<\/p>\n<p><a id=\"\" href=\"https:\/\/www.rmequality.org\/pride\" target=\"_blank\" rel=\"noopener\">Rocky Mountain Equality del condado de Boulder<\/a> organiza diversos festivales a lo largo del mes de junio, entre estos:<\/p>\n<ul>\n<li><strong>7 de junio:<\/strong> Orgullo de Longmont<\/li>\n<li><strong>15 de junio<\/strong>: Festival del Orgullo de Boulder<\/li>\n<li><strong>20 de junio:<\/strong> Orgullo de Loveland<\/li>\n<li><strong>21 de junio<\/strong>: Orgullo de Lions<\/li>\n<\/ul>\n","protected":false},"excerpt":{"rendered":"<p>Junio trae una variedad de actividades para disfrutar en Colorado. Es el momento perfecto para sacarle provecho a abundantes actividades al aire libre en las monta\u00f1as o de festivales y conciertos por todo el estado. Aqu\u00ed tiene una muestra de eventos para divertirse al m\u00e1ximo. 7 y 8 de junio: Chalk Art Festival en Denver [&hellip;]<\/p>\n","protected":false},"author":2164,"featured_media":83192,"comment_status":"closed","ping_status":"closed","sticky":false,"template":"","format":"standard","meta":{"_acf_changed":false,"_relevanssi_hide_post":"","_relevanssi_hide_content":"","_relevanssi_pin_for_all":"","_relevanssi_pin_keywords":"","_relevanssi_unpin_keywords":"","_relevanssi_related_keywords":"","_relevanssi_related_include_ids":"","_relevanssi_related_exclude_ids":"","_relevanssi_related_no_append":"","_relevanssi_related_not_related":"","_relevanssi_related_posts":"","_relevanssi_noindex_reason":"","footnotes":""},"categories":[9192],"tags":[9223,9216,9132],"class_list":["post-76049","post","type-post","status-publish","format-standard","has-post-thumbnail","hentry","category-espanol","tag-actividades-en-colorado","tag-disfrute-colorado","tag-traducciones-en-espanol"],"acf":[],"yoast_head":"<!-- This site is optimized with the Yoast SEO Premium plugin v27.2 (Yoast SEO v27.2) - https:\/\/yoast.com\/product\/yoast-seo-premium-wordpress\/ -->\n<title>Sol, Orgullo y velocidad: 6 maneras de sacarle provecho a junio en Colorado - UCHealth Today<\/title>\n<meta name=\"description\" content=\"Junio ofrece una gama de opciones para disfrutar del verano en Colorado. Ac\u00e1 una muestra.\" \/>\n<meta name=\"robots\" content=\"index, follow, max-snippet:-1, max-image-preview:large, max-video-preview:-1\" \/>\n<link rel=\"canonical\" href=\"https:\/\/www.uchealth.org\/today\/es-cosas-que-hacer-en-junio-en-colorado\/\" \/>\n<meta property=\"og:locale\" content=\"en_US\" \/>\n<meta property=\"og:type\" content=\"article\" \/>\n<meta property=\"og:title\" content=\"Sol, Orgullo y velocidad: 6 maneras de sacarle provecho a Colorado en junio\" \/>\n<meta property=\"og:description\" content=\"Junio ofrece una gama de opciones para disfrutar del verano en Colorado. Ac\u00e1 una muestra.\" \/>\n<meta property=\"og:url\" content=\"https:\/\/www.uchealth.org\/today\/es-cosas-que-hacer-en-junio-en-colorado\/\" \/>\n<meta property=\"og:site_name\" content=\"UCHealth Today\" \/>\n<meta property=\"article:publisher\" content=\"https:\/\/www.facebook.com\/uchealthorg\/\" \/>\n<meta property=\"article:published_time\" content=\"2025-05-19T14:00:40+00:00\" \/>\n<meta property=\"article:modified_time\" content=\"2025-05-23T19:46:51+00:00\" \/>\n<meta property=\"og:image\" content=\"https:\/\/uchealth-wp-uploads.s3.amazonaws.com\/wp-content\/uploads\/sites\/6\/2025\/05\/16135635\/chalk-festival-1-web.jpg\" \/>\n\t<meta property=\"og:image:type\" content=\"image\/jpeg\" \/>\n<meta name=\"author\" content=\"Kati Blocker, UCHealth\" \/>\n<meta name=\"twitter:card\" content=\"summary_large_image\" \/>\n<meta name=\"twitter:creator\" content=\"@uchealth\" \/>\n<meta name=\"twitter:site\" content=\"@uchealth\" \/>\n<meta name=\"twitter:label1\" content=\"Written by\" \/>\n\t<meta name=\"twitter:data1\" content=\"Kati Blocker, UCHealth\" \/>\n\t<meta name=\"twitter:label2\" content=\"Est. reading time\" \/>\n\t<meta name=\"twitter:data2\" content=\"8 minutes\" \/>\n<script type=\"application\/ld+json\" class=\"yoast-schema-graph\">{\"@context\":\"https:\/\/schema.org\",\"@graph\":[{\"@type\":\"Article\",\"@id\":\"https:\/\/www.uchealth.org\/today\/es-cosas-que-hacer-en-junio-en-colorado\/#article\",\"isPartOf\":{\"@id\":\"https:\/\/www.uchealth.org\/today\/es-cosas-que-hacer-en-junio-en-colorado\/\"},\"author\":{\"name\":\"Kati Blocker, UCHealth\",\"@id\":\"https:\/\/www.uchealth.org\/today\/#\/schema\/person\/2974962d9c19ae1bbcec3250ab830fbc\"},\"headline\":\"Sol, Orgullo y velocidad: 6 maneras de sacarle provecho a Colorado en junio\",\"datePublished\":\"2025-05-19T14:00:40+00:00\",\"dateModified\":\"2025-05-23T19:46:51+00:00\",\"mainEntityOfPage\":{\"@id\":\"https:\/\/www.uchealth.org\/today\/es-cosas-que-hacer-en-junio-en-colorado\/\"},\"wordCount\":1347,\"publisher\":{\"@id\":\"https:\/\/www.uchealth.org\/today\/#organization\"},\"image\":{\"@id\":\"https:\/\/www.uchealth.org\/today\/es-cosas-que-hacer-en-junio-en-colorado\/#primaryimage\"},\"thumbnailUrl\":\"https:\/\/uchealth-wp-uploads.s3.amazonaws.com\/wp-content\/uploads\/sites\/6\/2025\/05\/16135635\/chalk-festival-1-web.webp\",\"keywords\":[\"Actividades en Colorado\",\"Disfrute Colorado\",\"Traducciones en espa\u00f1ol\"],\"articleSection\":[\"Espa\u00f1ol\"],\"inLanguage\":\"en-US\"},{\"@type\":\"WebPage\",\"@id\":\"https:\/\/www.uchealth.org\/today\/es-cosas-que-hacer-en-junio-en-colorado\/\",\"url\":\"https:\/\/www.uchealth.org\/today\/es-cosas-que-hacer-en-junio-en-colorado\/\",\"name\":\"Sol, Orgullo y velocidad: 6 maneras de sacarle provecho a junio en Colorado - UCHealth Today\",\"isPartOf\":{\"@id\":\"https:\/\/www.uchealth.org\/today\/#website\"},\"primaryImageOfPage\":{\"@id\":\"https:\/\/www.uchealth.org\/today\/es-cosas-que-hacer-en-junio-en-colorado\/#primaryimage\"},\"image\":{\"@id\":\"https:\/\/www.uchealth.org\/today\/es-cosas-que-hacer-en-junio-en-colorado\/#primaryimage\"},\"thumbnailUrl\":\"https:\/\/uchealth-wp-uploads.s3.amazonaws.com\/wp-content\/uploads\/sites\/6\/2025\/05\/16135635\/chalk-festival-1-web.webp\",\"datePublished\":\"2025-05-19T14:00:40+00:00\",\"dateModified\":\"2025-05-23T19:46:51+00:00\",\"description\":\"Junio ofrece una gama de opciones para disfrutar del verano en Colorado. Ac\u00e1 una muestra.\",\"breadcrumb\":{\"@id\":\"https:\/\/www.uchealth.org\/today\/es-cosas-que-hacer-en-junio-en-colorado\/#breadcrumb\"},\"inLanguage\":\"en-US\",\"potentialAction\":[{\"@type\":\"ReadAction\",\"target\":[\"https:\/\/www.uchealth.org\/today\/es-cosas-que-hacer-en-junio-en-colorado\/\"]}]},{\"@type\":\"ImageObject\",\"inLanguage\":\"en-US\",\"@id\":\"https:\/\/www.uchealth.org\/today\/es-cosas-que-hacer-en-junio-en-colorado\/#primaryimage\",\"url\":\"https:\/\/uchealth-wp-uploads.s3.amazonaws.com\/wp-content\/uploads\/sites\/6\/2025\/05\/16135635\/chalk-festival-1-web.webp\",\"contentUrl\":\"https:\/\/uchealth-wp-uploads.s3.amazonaws.com\/wp-content\/uploads\/sites\/6\/2025\/05\/16135635\/chalk-festival-1-web.webp\",\"width\":800,\"height\":502,\"caption\":\"The Denver Chalk Art Festival features beautiful and intricate chalk artwork, live music, food trucks and various vendors selling crafts and art-related items. Photo courtesy of Denver Chalk Art Festival.\"},{\"@type\":\"BreadcrumbList\",\"@id\":\"https:\/\/www.uchealth.org\/today\/es-cosas-que-hacer-en-junio-en-colorado\/#breadcrumb\",\"itemListElement\":[{\"@type\":\"ListItem\",\"position\":1,\"name\":\"Home\",\"item\":\"https:\/\/www.uchealth.org\/today\/\"},{\"@type\":\"ListItem\",\"position\":2,\"name\":\"Sol, Orgullo y velocidad: 6 maneras de sacarle provecho a Colorado en junio\"}]},{\"@type\":\"WebSite\",\"@id\":\"https:\/\/www.uchealth.org\/today\/#website\",\"url\":\"https:\/\/www.uchealth.org\/today\/\",\"name\":\"UCHealth Today\",\"description\":\"UCHealth Today\",\"publisher\":{\"@id\":\"https:\/\/www.uchealth.org\/today\/#organization\"},\"potentialAction\":[{\"@type\":\"SearchAction\",\"target\":{\"@type\":\"EntryPoint\",\"urlTemplate\":\"https:\/\/www.uchealth.org\/today\/?s={search_term_string}\"},\"query-input\":{\"@type\":\"PropertyValueSpecification\",\"valueRequired\":true,\"valueName\":\"search_term_string\"}}],\"inLanguage\":\"en-US\"},{\"@type\":\"Organization\",\"@id\":\"https:\/\/www.uchealth.org\/today\/#organization\",\"name\":\"UCHealth\",\"url\":\"https:\/\/www.uchealth.org\/today\/\",\"logo\":{\"@type\":\"ImageObject\",\"inLanguage\":\"en-US\",\"@id\":\"https:\/\/www.uchealth.org\/today\/#\/schema\/logo\/image\/\",\"url\":\"https:\/\/uchealth-wp-uploads.s3.amazonaws.com\/wp-content\/uploads\/sites\/6\/2020\/04\/24135149\/UCHealth-square-logo-1000x1000-1.jpg\",\"contentUrl\":\"https:\/\/uchealth-wp-uploads.s3.amazonaws.com\/wp-content\/uploads\/sites\/6\/2020\/04\/24135149\/UCHealth-square-logo-1000x1000-1.jpg\",\"width\":1000,\"height\":1000,\"caption\":\"UCHealth\"},\"image\":{\"@id\":\"https:\/\/www.uchealth.org\/today\/#\/schema\/logo\/image\/\"},\"sameAs\":[\"https:\/\/www.facebook.com\/uchealthorg\/\",\"https:\/\/x.com\/uchealth\",\"https:\/\/www.instagram.com\/uchealth\/\",\"https:\/\/www.linkedin.com\/school\/14839\/\",\"https:\/\/www.pinterest.com\/uchealthorg\/\",\"https:\/\/www.youtube.com\/channel\/UC41SJI79yjZIe96OajzN22g\"]},{\"@type\":\"Person\",\"@id\":\"https:\/\/www.uchealth.org\/today\/#\/schema\/person\/2974962d9c19ae1bbcec3250ab830fbc\",\"name\":\"Kati Blocker, UCHealth\",\"image\":{\"@type\":\"ImageObject\",\"inLanguage\":\"en-US\",\"@id\":\"https:\/\/secure.gravatar.com\/avatar\/62cfc49002cce7d835ff120702e1e8cd4b871b3468a4fed7137fbfa60674c6b3?s=96&d=mm&r=g\",\"url\":\"https:\/\/secure.gravatar.com\/avatar\/62cfc49002cce7d835ff120702e1e8cd4b871b3468a4fed7137fbfa60674c6b3?s=96&d=mm&r=g\",\"contentUrl\":\"https:\/\/secure.gravatar.com\/avatar\/62cfc49002cce7d835ff120702e1e8cd4b871b3468a4fed7137fbfa60674c6b3?s=96&d=mm&r=g\",\"caption\":\"Kati Blocker, UCHealth\"},\"description\":\"Kati Blocker has always been driven to learn and explore the world around her. And every day, as a writer for UCHealth, Kati meets inspiring people, learns about life-saving technology, and gets to know the amazing people who are saving lives each day. Even better, she gets to share their stories with the world. As a journalism major at the University of Wyoming, Kati wrote for her college newspaper. She also studied abroad in Swansea, Wales, while simultaneously writing for a Colorado metaphysical newspaper. After college, Kati was a reporter for the Montrose Daily Press and the Telluride Watch, covering education and health care in rural Colorado, as well as city news and business. When she's not writing, Kati is creating her own stories with her husband Joel and their two children.\",\"url\":\"https:\/\/www.uchealth.org\/today\/author\/katieblocker\/\"}]}<\/script>\n<!-- \/ Yoast SEO Premium plugin. -->","yoast_head_json":{"title":"Sol, Orgullo y velocidad: 6 maneras de sacarle provecho a junio en Colorado - UCHealth Today","description":"Junio ofrece una gama de opciones para disfrutar del verano en Colorado. Ac\u00e1 una muestra.","robots":{"index":"index","follow":"follow","max-snippet":"max-snippet:-1","max-image-preview":"max-image-preview:large","max-video-preview":"max-video-preview:-1"},"canonical":"https:\/\/www.uchealth.org\/today\/es-cosas-que-hacer-en-junio-en-colorado\/","og_locale":"en_US","og_type":"article","og_title":"Sol, Orgullo y velocidad: 6 maneras de sacarle provecho a Colorado en junio","og_description":"Junio ofrece una gama de opciones para disfrutar del verano en Colorado. Ac\u00e1 una muestra.","og_url":"https:\/\/www.uchealth.org\/today\/es-cosas-que-hacer-en-junio-en-colorado\/","og_site_name":"UCHealth Today","article_publisher":"https:\/\/www.facebook.com\/uchealthorg\/","article_published_time":"2025-05-19T14:00:40+00:00","article_modified_time":"2025-05-23T19:46:51+00:00","og_image":[{"url":"https:\/\/uchealth-wp-uploads.s3.amazonaws.com\/wp-content\/uploads\/sites\/6\/2025\/05\/16135635\/chalk-festival-1-web.jpg","type":"image\/jpeg"}],"author":"Kati Blocker, UCHealth","twitter_card":"summary_large_image","twitter_creator":"@uchealth","twitter_site":"@uchealth","twitter_misc":{"Written by":"Kati Blocker, UCHealth","Est. reading time":"8 minutes"},"schema":{"@context":"https:\/\/schema.org","@graph":[{"@type":"Article","@id":"https:\/\/www.uchealth.org\/today\/es-cosas-que-hacer-en-junio-en-colorado\/#article","isPartOf":{"@id":"https:\/\/www.uchealth.org\/today\/es-cosas-que-hacer-en-junio-en-colorado\/"},"author":{"name":"Kati Blocker, UCHealth","@id":"https:\/\/www.uchealth.org\/today\/#\/schema\/person\/2974962d9c19ae1bbcec3250ab830fbc"},"headline":"Sol, Orgullo y velocidad: 6 maneras de sacarle provecho a Colorado en junio","datePublished":"2025-05-19T14:00:40+00:00","dateModified":"2025-05-23T19:46:51+00:00","mainEntityOfPage":{"@id":"https:\/\/www.uchealth.org\/today\/es-cosas-que-hacer-en-junio-en-colorado\/"},"wordCount":1347,"publisher":{"@id":"https:\/\/www.uchealth.org\/today\/#organization"},"image":{"@id":"https:\/\/www.uchealth.org\/today\/es-cosas-que-hacer-en-junio-en-colorado\/#primaryimage"},"thumbnailUrl":"https:\/\/uchealth-wp-uploads.s3.amazonaws.com\/wp-content\/uploads\/sites\/6\/2025\/05\/16135635\/chalk-festival-1-web.webp","keywords":["Actividades en Colorado","Disfrute Colorado","Traducciones en espa\u00f1ol"],"articleSection":["Espa\u00f1ol"],"inLanguage":"en-US"},{"@type":"WebPage","@id":"https:\/\/www.uchealth.org\/today\/es-cosas-que-hacer-en-junio-en-colorado\/","url":"https:\/\/www.uchealth.org\/today\/es-cosas-que-hacer-en-junio-en-colorado\/","name":"Sol, Orgullo y velocidad: 6 maneras de sacarle provecho a junio en Colorado - UCHealth Today","isPartOf":{"@id":"https:\/\/www.uchealth.org\/today\/#website"},"primaryImageOfPage":{"@id":"https:\/\/www.uchealth.org\/today\/es-cosas-que-hacer-en-junio-en-colorado\/#primaryimage"},"image":{"@id":"https:\/\/www.uchealth.org\/today\/es-cosas-que-hacer-en-junio-en-colorado\/#primaryimage"},"thumbnailUrl":"https:\/\/uchealth-wp-uploads.s3.amazonaws.com\/wp-content\/uploads\/sites\/6\/2025\/05\/16135635\/chalk-festival-1-web.webp","datePublished":"2025-05-19T14:00:40+00:00","dateModified":"2025-05-23T19:46:51+00:00","description":"Junio ofrece una gama de opciones para disfrutar del verano en Colorado. Ac\u00e1 una muestra.","breadcrumb":{"@id":"https:\/\/www.uchealth.org\/today\/es-cosas-que-hacer-en-junio-en-colorado\/#breadcrumb"},"inLanguage":"en-US","potentialAction":[{"@type":"ReadAction","target":["https:\/\/www.uchealth.org\/today\/es-cosas-que-hacer-en-junio-en-colorado\/"]}]},{"@type":"ImageObject","inLanguage":"en-US","@id":"https:\/\/www.uchealth.org\/today\/es-cosas-que-hacer-en-junio-en-colorado\/#primaryimage","url":"https:\/\/uchealth-wp-uploads.s3.amazonaws.com\/wp-content\/uploads\/sites\/6\/2025\/05\/16135635\/chalk-festival-1-web.webp","contentUrl":"https:\/\/uchealth-wp-uploads.s3.amazonaws.com\/wp-content\/uploads\/sites\/6\/2025\/05\/16135635\/chalk-festival-1-web.webp","width":800,"height":502,"caption":"The Denver Chalk Art Festival features beautiful and intricate chalk artwork, live music, food trucks and various vendors selling crafts and art-related items. Photo courtesy of Denver Chalk Art Festival."},{"@type":"BreadcrumbList","@id":"https:\/\/www.uchealth.org\/today\/es-cosas-que-hacer-en-junio-en-colorado\/#breadcrumb","itemListElement":[{"@type":"ListItem","position":1,"name":"Home","item":"https:\/\/www.uchealth.org\/today\/"},{"@type":"ListItem","position":2,"name":"Sol, Orgullo y velocidad: 6 maneras de sacarle provecho a Colorado en junio"}]},{"@type":"WebSite","@id":"https:\/\/www.uchealth.org\/today\/#website","url":"https:\/\/www.uchealth.org\/today\/","name":"UCHealth Today","description":"UCHealth Today","publisher":{"@id":"https:\/\/www.uchealth.org\/today\/#organization"},"potentialAction":[{"@type":"SearchAction","target":{"@type":"EntryPoint","urlTemplate":"https:\/\/www.uchealth.org\/today\/?s={search_term_string}"},"query-input":{"@type":"PropertyValueSpecification","valueRequired":true,"valueName":"search_term_string"}}],"inLanguage":"en-US"},{"@type":"Organization","@id":"https:\/\/www.uchealth.org\/today\/#organization","name":"UCHealth","url":"https:\/\/www.uchealth.org\/today\/","logo":{"@type":"ImageObject","inLanguage":"en-US","@id":"https:\/\/www.uchealth.org\/today\/#\/schema\/logo\/image\/","url":"https:\/\/uchealth-wp-uploads.s3.amazonaws.com\/wp-content\/uploads\/sites\/6\/2020\/04\/24135149\/UCHealth-square-logo-1000x1000-1.jpg","contentUrl":"https:\/\/uchealth-wp-uploads.s3.amazonaws.com\/wp-content\/uploads\/sites\/6\/2020\/04\/24135149\/UCHealth-square-logo-1000x1000-1.jpg","width":1000,"height":1000,"caption":"UCHealth"},"image":{"@id":"https:\/\/www.uchealth.org\/today\/#\/schema\/logo\/image\/"},"sameAs":["https:\/\/www.facebook.com\/uchealthorg\/","https:\/\/x.com\/uchealth","https:\/\/www.instagram.com\/uchealth\/","https:\/\/www.linkedin.com\/school\/14839\/","https:\/\/www.pinterest.com\/uchealthorg\/","https:\/\/www.youtube.com\/channel\/UC41SJI79yjZIe96OajzN22g"]},{"@type":"Person","@id":"https:\/\/www.uchealth.org\/today\/#\/schema\/person\/2974962d9c19ae1bbcec3250ab830fbc","name":"Kati Blocker, UCHealth","image":{"@type":"ImageObject","inLanguage":"en-US","@id":"https:\/\/secure.gravatar.com\/avatar\/62cfc49002cce7d835ff120702e1e8cd4b871b3468a4fed7137fbfa60674c6b3?s=96&d=mm&r=g","url":"https:\/\/secure.gravatar.com\/avatar\/62cfc49002cce7d835ff120702e1e8cd4b871b3468a4fed7137fbfa60674c6b3?s=96&d=mm&r=g","contentUrl":"https:\/\/secure.gravatar.com\/avatar\/62cfc49002cce7d835ff120702e1e8cd4b871b3468a4fed7137fbfa60674c6b3?s=96&d=mm&r=g","caption":"Kati Blocker, UCHealth"},"description":"Kati Blocker has always been driven to learn and explore the world around her. And every day, as a writer for UCHealth, Kati meets inspiring people, learns about life-saving technology, and gets to know the amazing people who are saving lives each day. Even better, she gets to share their stories with the world. As a journalism major at the University of Wyoming, Kati wrote for her college newspaper. She also studied abroad in Swansea, Wales, while simultaneously writing for a Colorado metaphysical newspaper. After college, Kati was a reporter for the Montrose Daily Press and the Telluride Watch, covering education and health care in rural Colorado, as well as city news and business. When she's not writing, Kati is creating her own stories with her husband Joel and their two children.","url":"https:\/\/www.uchealth.org\/today\/author\/katieblocker\/"}]}},"coauthors":[{"id":2164,"name":"Kati Blocker","link":"https:\/\/www.uchealth.org\/today\/author\/katieblocker\/"}],"_links":{"self":[{"href":"https:\/\/www.uchealth.org\/today\/wp-json\/wp\/v2\/posts\/76049","targetHints":{"allow":["GET"]}}],"collection":[{"href":"https:\/\/www.uchealth.org\/today\/wp-json\/wp\/v2\/posts"}],"about":[{"href":"https:\/\/www.uchealth.org\/today\/wp-json\/wp\/v2\/types\/post"}],"author":[{"embeddable":true,"href":"https:\/\/www.uchealth.org\/today\/wp-json\/wp\/v2\/users\/2164"}],"replies":[{"embeddable":true,"href":"https:\/\/www.uchealth.org\/today\/wp-json\/wp\/v2\/comments?post=76049"}],"version-history":[{"count":10,"href":"https:\/\/www.uchealth.org\/today\/wp-json\/wp\/v2\/posts\/76049\/revisions"}],"predecessor-version":[{"id":83314,"href":"https:\/\/www.uchealth.org\/today\/wp-json\/wp\/v2\/posts\/76049\/revisions\/83314"}],"wp:featuredmedia":[{"embeddable":true,"href":"https:\/\/www.uchealth.org\/today\/wp-json\/wp\/v2\/media\/83192"}],"wp:attachment":[{"href":"https:\/\/www.uchealth.org\/today\/wp-json\/wp\/v2\/media?parent=76049"}],"wp:term":[{"taxonomy":"category","embeddable":true,"href":"https:\/\/www.uchealth.org\/today\/wp-json\/wp\/v2\/categories?post=76049"},{"taxonomy":"post_tag","embeddable":true,"href":"https:\/\/www.uchealth.org\/today\/wp-json\/wp\/v2\/tags?post=76049"}],"curies":[{"name":"wp","href":"https:\/\/api.w.org\/{rel}","templated":true}]}}