{"id":68118,"date":"2023-01-30T13:00:52","date_gmt":"2023-01-30T20:00:52","guid":{"rendered":"https:\/\/www.uchealth.org\/today\/?p=68118"},"modified":"2024-02-15T14:15:42","modified_gmt":"2024-02-15T21:15:42","slug":"agradecido-estar-vivo-despues-covid-19-paciente-cuenta-historia-vida-respirador-artificial","status":"publish","type":"post","link":"https:\/\/www.uchealth.org\/today\/agradecido-estar-vivo-despues-covid-19-paciente-cuenta-historia-vida-respirador-artificial\/","title":{"rendered":"Agradecido de estar vivo: Ernesto Castro vive para contar su historia sobre sobrevivir al COVID-19"},"content":{"rendered":"<div style=\"margin-top: 0px; margin-bottom: 0px;\" class=\"sharethis-inline-share-buttons\" ><\/div><figure id=\"attachment_54892\" aria-describedby=\"caption-attachment-54892\" style=\"width: 640px\" class=\"wp-caption aligncenter\"><img loading=\"lazy\" decoding=\"async\" class=\"wp-image-54892\" src=\"https:\/\/uchealth-wp-uploads.s3.amazonaws.com\/wp-content\/uploads\/sites\/6\/2020\/04\/01090033\/Castro-family-screen-shot-tiny-e1585762929769.webp\" alt=\"Paciente de COVID-19 con su familia, contando su historia.\" width=\"640\" height=\"308\" srcset=\"https:\/\/uchealth-wp-uploads.s3.amazonaws.com\/wp-content\/uploads\/sites\/6\/2020\/04\/01090033\/Castro-family-screen-shot-tiny-e1585762929769.webp 790w, https:\/\/uchealth-wp-uploads.s3.amazonaws.com\/wp-content\/uploads\/sites\/6\/2020\/04\/01090033\/Castro-family-screen-shot-tiny-e1585762929769-300x144.webp 300w, https:\/\/uchealth-wp-uploads.s3.amazonaws.com\/wp-content\/uploads\/sites\/6\/2020\/04\/01090033\/Castro-family-screen-shot-tiny-e1585762929769-768x369.webp 768w, https:\/\/uchealth-wp-uploads.s3.amazonaws.com\/wp-content\/uploads\/sites\/6\/2020\/04\/01090033\/Castro-family-screen-shot-tiny-e1585762929769-150x72.webp 150w, https:\/\/uchealth-wp-uploads.s3.amazonaws.com\/wp-content\/uploads\/sites\/6\/2020\/04\/01090033\/Castro-family-screen-shot-tiny-e1585762929769-200x96.webp 200w\" sizes=\"auto, (max-width: 640px) 100vw, 640px\" \/><figcaption id=\"caption-attachment-54892\" class=\"wp-caption-text\">Claudia, Ernesto y Camila, de 18 meses. Foto cortes\u00eda de Ernesto Castro.<\/figcaption><\/figure>\n<p>Abril 1, 2020<\/p>\n<p>Dentro de unos d\u00edas, el 5 de abril, Ernesto Castro celebrar\u00e1 su cumplea\u00f1os n\u00famero 35. Es un d\u00eda especial que tem\u00eda que nunca vivir\u00eda.<\/p>\n<p>Hace unas dos semanas, Castro comenz\u00f3 a sentirse enfermo. Tal vez su asma estaba manifestando. Despu\u00e9s de todo, hab\u00eda estado entrenando para una marat\u00f3n.<\/p>\n<p>Castro es un hombre que ha vivido su vida ayudando a otros. Ha dado a sus hijos, un hijo, de 12 a\u00f1os, y una hija, de 18 meses, todo su coraz\u00f3n. En el trabajo, es trabajador social en un centro de salud local y trabaja para romper barreras para otros y resolver problemas para sus vecinos.<\/p>\n<p>Cuando cay\u00f3 con secreci\u00f3n nasal seguida de congesti\u00f3n, Castro pens\u00f3 que estaba contrayendo gripe. Cuando sus s\u00edntomas empeoraron, se dio cuenta de que esta vez, \u00e9l era el que necesitaba ayuda.<\/p>\n<p>Recuerda el hospital, sus cuidadores y lo mal que se sent\u00eda.<\/p>\n<p>&#8220;Fue como la gripe, pero no era eso&#8221;, dijo. &#8220;Es dif\u00edcil de explicar. Perd\u00ed muchas sensaciones, no solo mi respiraci\u00f3n, pero no pod\u00eda pensar correctamente. Sent\u00ed que mis pulmones se estaban endureciendo, y lo \u00fanico que me hac\u00eda sentir mejor era toser algo que no estaba all\u00ed. La sensaci\u00f3n fue abrumadoramente dura debido a la respiraci\u00f3n, la congesti\u00f3n y la tos constante&#8221;, dijo.<\/p>\n<p>Justo antes de ser colocado en un coma inducido m\u00e9dicamente y en un ventilador, se enter\u00f3 <a href=\"https:\/\/www.uchealth.org\/today\/what-you-should-know-about-coronavirus-or-covid-19-in-colorado\/\">de que ten\u00eda el nuevo coronavirus<\/a>. Luch\u00f3 por su vida.<\/p>\n<p>Despu\u00e9s de 10 d\u00edas en el hospital, nutrido por el cuidado de valientes enfermeras y m\u00e9dicos, Castro se puso una m\u00e1scara facial limpia el 30 de marzo. Las enfermeras sacaron su silla de ruedas <a href=\"https:\/\/www.uchealth.org\/locations\/uchealth-medical-center-of-the-rockies\/\">UCHealth Medical Center of the Rockies in Loveland<\/a>. Estaba encantado de ver a su novia y a su hija. Debido a que no se hab\u00edan permitido visitas en el hospital, Castro no hab\u00eda visto a su familia en casi dos semanas.<\/p>\n<p>Cuando las enfermeras lo llevaron al auto de su novia, vio a su peque\u00f1a ni\u00f1a sonri\u00e9ndole desde el asiento de su autom\u00f3vil. No pudo contener las l\u00e1grimas.<\/p>\n<p>&#8220;Llor\u00e9&#8221;, dijo. Llor\u00e9 en el momento en que la vi. Sent\u00ed que me hab\u00eda perdido meses de su vida. Y la necesito como necesito ox\u00edgeno. Ella es mi alegr\u00eda&#8221;.<\/p>\n<h2><strong>El ataque del coronavirus<\/strong><\/h2>\n<p>Como trabajador social en un centro de atenci\u00f3n en Greeley, Castro pasa sus d\u00edas ayudando a los clientes y solucionando problemas.<\/p>\n<p>&#8220;Creas conexiones con algunos pacientes, y yo fui criado para que cuando alguien extienda su mano, la estreches con un s\u00ed, se\u00f1or, s\u00ed, se\u00f1ora&#8221;, dijo Castro. &#8220;Estaba interactuando con un paciente, ayud\u00e1ndolo, y recuerdo haberle estrechado la mano, y olvid\u00e9 desinfectar mi mano despu\u00e9s. M\u00e1s tarde, recuerdo haber tenido esa extra\u00f1a sensaci\u00f3n: \u00bfEstaba enfermo esa persona? \u00bfTen\u00eda gripe?&#8221;<\/p>\n<p>Si bien es imposible saber si Castro contrajo COVID-19 ese d\u00eda, pronto not\u00f3 la secreci\u00f3n nasal, la congesti\u00f3n y la tos. Se tom\u00f3 unos d\u00edas de enfermedad en el trabajo y se puso en cuarentena en casa.<\/p>\n<p>Para todas las actualizaciones y leer m\u00e1s art\u00edculos sobre el nuevo coronavirus, visite <a href=\"https:\/\/www.uchealth.org\/today\/covid-19-coronavirus-recent-updates\/\">uchealth.org\/covid19<\/a><\/p>\n<p>&#8220;Soy el tipo de persona que siempre mira el lado bueno de las cosas&#8221;, dijo. &#8220;Rara vez me enfermo. Estaba seguro de que era solo una gripe y no era gran cosa&#8221;.<\/p>\n<p>Pero, como trabajador de la salud, Castro decidi\u00f3 asegurarse y &#8220;m\u00e1s vale prevenir que curar&#8221; y program\u00f3 una visita con su m\u00e9dico de atenci\u00f3n primaria.<\/p>\n<p>Seg\u00fan los s\u00edntomas de Castro<a href=\"https:\/\/www.cdc.gov\/coronavirus\/2019-ncov\/index.html\">, su m\u00e9dico sospech\u00f3 de COVID-19<\/a>. Castro todav\u00eda no estaba convencido. Se aferr\u00f3 a la nota de su m\u00e9dico para las pruebas de COVID-19 fuera del sitio y se dirigi\u00f3 a casa para aislarse y soportarlo.<\/p>\n<p>&#8220;Pens\u00e9 que era solo gripe y estaba comport\u00e1ndome como un beb\u00e9 grande&#8221;, dijo.<\/p>\n<p>Cuatro d\u00edas despu\u00e9s, Castro estaba demasiado d\u00e9bil para conducir a un sitio de pruebas. Comenz\u00f3 a alucinar, y sus otros s\u00edntomas ahora eran mucho peores.<\/p>\n<p>COVID-19 es m\u00e1s grave para las personas mayores y las personas con sistemas inmunitarios comprometidos y otras afecciones cr\u00f3nicas. Castro, sin embargo, descubri\u00f3 que el virus no discrimina. Joven y saludable, Castro ten\u00eda factores de riesgo que incluyen prediabetes y asma, los cuales lo hicieron m\u00e1s susceptible a las complicaciones del virus. Y trabajar en un entorno de atenci\u00f3n m\u00e9dica lo hab\u00eda puesto en mayor riesgo de contraerlo.<\/p>\n<p>&#8220;Siempre hab\u00eda estado un poco saludable, pero me derrumb\u00e9&#8221;, dijo.<\/p>\n<p>La novia de Castro, Claudia, lo llev\u00f3 a la sala de emergencias local del <a href=\"https:\/\/www.uchealth.org\/locations\/uchealth-greeley-hospital\/\">UCHealth Greeley Hospital<\/a>.<\/p>\n<figure id=\"attachment_54887\" aria-describedby=\"caption-attachment-54887\" style=\"width: 800px\" class=\"wp-caption alignnone\"><img loading=\"lazy\" decoding=\"async\" class=\"wp-image-54887 size-full\" src=\"https:\/\/uchealth-wp-uploads.s3.amazonaws.com\/wp-content\/uploads\/sites\/6\/2020\/04\/01090028\/castro-covid-nurses-MCR-tiny.webp\" alt=\"Paciente de Covid-19, que comparte su historia, en una silla de ruedas con dos enfermeras de UCHealth de pie a su lado.\" width=\"800\" height=\"546\" srcset=\"https:\/\/uchealth-wp-uploads.s3.amazonaws.com\/wp-content\/uploads\/sites\/6\/2020\/04\/01090028\/castro-covid-nurses-MCR-tiny.webp 800w, https:\/\/uchealth-wp-uploads.s3.amazonaws.com\/wp-content\/uploads\/sites\/6\/2020\/04\/01090028\/castro-covid-nurses-MCR-tiny-300x205.webp 300w, https:\/\/uchealth-wp-uploads.s3.amazonaws.com\/wp-content\/uploads\/sites\/6\/2020\/04\/01090028\/castro-covid-nurses-MCR-tiny-768x524.webp 768w, https:\/\/uchealth-wp-uploads.s3.amazonaws.com\/wp-content\/uploads\/sites\/6\/2020\/04\/01090028\/castro-covid-nurses-MCR-tiny-150x102.webp 150w, https:\/\/uchealth-wp-uploads.s3.amazonaws.com\/wp-content\/uploads\/sites\/6\/2020\/04\/01090028\/castro-covid-nurses-MCR-tiny-200x137.webp 200w\" sizes=\"auto, (max-width: 800px) 100vw, 800px\" \/><figcaption id=\"caption-attachment-54887\" class=\"wp-caption-text\">Ernesto Castro, centro, espera su viaje con la enfermera registrada Melanie Roth, izquierda, y el gerente de enfermer\u00eda Rickie Rump, el lunes 30 de marzo, despu\u00e9s de pasar 10 d\u00edas en el UCHealth Medical Center of the Rockies luchando contra COVID-19. Foto por Kelly Tracer, UCHealth.<\/figcaption><\/figure>\n<h2><strong>Cuidado de un paciente con COVID-19<\/strong><\/h2>\n<p>Los trabajadores de la salud lo saludaron y entraron en acci\u00f3n.<\/p>\n<p>&#8220;Inmediatamente comenzaron a trabajar en m\u00ed&#8221;, dijo Castro.<\/p>\n<p>Los cuidadores le colocaron una m\u00e1scara y lo aislaron en una habitaci\u00f3n de paciente, donde un m\u00e9dico y enfermeras realizaron pruebas, escucharon sus pulmones y descartaron otras posibilidades. Se le hizo la prueba de COVID-19.<\/p>\n<p>Tom\u00f3 d\u00edas recibir la confirmaci\u00f3n de que efectivamente ten\u00eda COVID-19, pero eso no retras\u00f3 la atenci\u00f3n. Los s\u00edntomas de Castro eran lo suficientemente graves como para que una prueba positiva no hubiera cambiado su plan de atenci\u00f3n. Los proveedores m\u00e9dicos deb\u00edan actuar de inmediato para darle una oportunidad de luchar para sobrevivir y llegar a su pr\u00f3ximo cumplea\u00f1os.<\/p>\n<p>&#8220;No puedo enfatizar lo suficiente el incre\u00edble trabajo que todos hicieron conmigo&#8221;, dijo Castro. &#8220;Tan pronto como entr\u00e9, sent\u00ed que les importaba. Realmente aman lo que hacen y tienen una pasi\u00f3n por ello\u201d.<\/p>\n<p>&#8220;Si no fuera por el personal de UCHealth, no creo que estar\u00eda aqu\u00ed&#8221;.<\/p>\n<h2><strong>Lidiar con COVID-19 severo<\/strong><\/h2>\n<p>Esa noche, Castro fue llevado en una ambulancia al to\u00a0<a href=\"https:\/\/www.uchealth.org\/locations\/uchealth-medical-center-of-the-rockies\/\">UCHealth Medical Center of the Rockies<\/a>\u00a0 en \u00a0Loveland, donde pas\u00f3 los siguientes nueve d\u00edas en la unidad de cuidados intensivos antes de estabilizarse lo suficiente como para ser trasladado a la unidad m\u00e9dica.<\/p>\n<p>Justo antes de ser trasladado, pudo llamar a su novia.<\/p>\n<p>&#8220;Si no los veo, esto es un adi\u00f3s&#8221;, le dijo. \u201cLos amo chicos&#8221;.<\/p>\n<figure id=\"attachment_54893\" aria-describedby=\"caption-attachment-54893\" style=\"width: 252px\" class=\"wp-caption alignright\"><img loading=\"lazy\" decoding=\"async\" class=\"wp-image-54893 size-medium\" src=\"https:\/\/uchealth-wp-uploads.s3.amazonaws.com\/wp-content\/uploads\/sites\/6\/2020\/04\/01090036\/castro-kids1-tiny-252x300.webp\" alt=\"Jordan Castro con su hermana, Camila.\" width=\"252\" height=\"300\" srcset=\"https:\/\/uchealth-wp-uploads.s3.amazonaws.com\/wp-content\/uploads\/sites\/6\/2020\/04\/01090036\/castro-kids1-tiny-252x300.webp 252w, https:\/\/uchealth-wp-uploads.s3.amazonaws.com\/wp-content\/uploads\/sites\/6\/2020\/04\/01090036\/castro-kids1-tiny-126x150.webp 126w, https:\/\/uchealth-wp-uploads.s3.amazonaws.com\/wp-content\/uploads\/sites\/6\/2020\/04\/01090036\/castro-kids1-tiny-200x238.webp 200w, https:\/\/uchealth-wp-uploads.s3.amazonaws.com\/wp-content\/uploads\/sites\/6\/2020\/04\/01090036\/castro-kids1-tiny.webp 673w\" sizes=\"auto, (max-width: 252px) 100vw, 252px\" \/><figcaption id=\"caption-attachment-54893\" class=\"wp-caption-text\">Jordan Castro con su hermana, Camila. Foto cortes\u00eda de Ernesto Castro.<\/figcaption><\/figure>\n<p>Castro ten\u00eda raz\u00f3n al estar preocupado. Su condici\u00f3n empeor\u00f3.<\/p>\n<p>Tres d\u00edas despu\u00e9s de su visita, los resultados de las pruebas confirmaron COVID-19.<\/p>\n<p>&#8220;Me qued\u00e9 all\u00ed, pensando: &#8216;\u00bfCu\u00e1l es el siguiente paso? \u00bfQu\u00e9 va a pasar? \u00bfEs curable? \u00bfVoy a morir?'&#8221;. Dijo Castro. &#8220;No voy a mentir, estaba aterrorizado&#8221;.<\/p>\n<p>La condici\u00f3n de Castro se deterior\u00f3 y su equipo m\u00e9dico tom\u00f3 la decisi\u00f3n de ponerlo en un coma inducido m\u00e9dicamente y en un ventilador. Sus pulmones estaban demasiado d\u00e9biles y su coraz\u00f3n estaba tratando de compensar y trabajando demasiado duro. Su cuerpo necesitaba descansar para luchar. El m\u00e9dico le asegur\u00f3 que hab\u00edan colocado a las personas en coma inducido m\u00e9dicamente y en ventiladores muchas veces. Pero Castro estaba preocupado. Su hermano hab\u00eda pasado por algo similar como resultado del uso de drogas y sustancias, y Castro sinti\u00f3 que su hermano nunca fue el mismo despu\u00e9s de eso. Dado que <a href=\"https:\/\/www.uchealth.org\/\">no se permiten visitas en los hospitales durante esta pandemia de coronavirus<\/a>, Castro tuvo que soportar la noticia solo.<\/p>\n<h2><strong>Ayudando al cuerpo a combatir el coronavirus<\/strong><\/h2>\n<p>Unos cuatro d\u00edas despu\u00e9s, Castro despert\u00f3 de su coma.<\/p>\n<p>&#8220;Hab\u00edan pasado los d\u00edas y no ten\u00eda idea de nada, ni siquiera sab\u00eda lo b\u00e1sico, como qui\u00e9n era o d\u00f3nde estaba&#8221;.<\/p>\n<p>Con su equipo de atenci\u00f3n vestido de pies a cabeza con equipo de protecci\u00f3n personal (EPP, por sus siglas en ingl\u00e9s), Castro reconoci\u00f3 a sus cuidadores solo por sus ojos y voces.<\/p>\n<p>&#8220;Lo m\u00e1s dif\u00edcil fue mi orgullo&#8221;, dijo. &#8220;Estoy tan acostumbrado a ayudar a todos que nunca pens\u00e9 que estar\u00eda en esta situaci\u00f3n. Tenerme siendo consolado y ayudado por UCHealth ha sido realmente una bendici\u00f3n. No solo me ayudaron f\u00edsicamente, me ayudaron mentalmente, emocionalmente, hablaron conmigo y algunos incluso oraron conmigo. Nunca he estado en una instalaci\u00f3n como esa, y me dio una sensaci\u00f3n realmente c\u00e1lida de que nunca dejar\u00e9 de agradecerles&#8221;.<\/p>\n<p>Esa ayuda mental y emocional era muy importante, explic\u00f3. Hab\u00eda perdido su tel\u00e9fono celular al llegar al hospital, y pasaron d\u00edas antes de que lo encontraran. No poder ver a su familia le desgarr\u00f3 el coraz\u00f3n, pero incluso cuando los empleados del hospital le devolvieron su tel\u00e9fono, las visitas de FaceTime no fueron suficientes.<\/p>\n<p>&#8220;Mi hijo me llamaba todos los d\u00edas o me enviaba mensajes de texto. Lo m\u00e1s dif\u00edcil fue atender esa llamada, decirle que ten\u00eda que trabajar en m\u00ed mismo ahora mismo. Mi hijo necesita un padre y alguien all\u00ed para \u00e9l&#8221;, dijo Castro.<\/p>\n<figure id=\"attachment_30441\" aria-describedby=\"caption-attachment-30441\" style=\"width: 169px\" class=\"wp-caption alignleft\"><img loading=\"lazy\" decoding=\"async\" class=\"wp-image-30441 size-medium\" src=\"https:\/\/uchealth-wp-uploads.s3.amazonaws.com\/wp-content\/uploads\/sites\/6\/2020\/04\/01090030\/castro-family1-tiny-169x300.webp\" alt=\"Paciente de COVID-19 con su familia, contando su historia.\" width=\"169\" height=\"300\" srcset=\"https:\/\/uchealth-wp-uploads.s3.amazonaws.com\/wp-content\/uploads\/sites\/6\/2020\/04\/01090030\/castro-family1-tiny-169x300.webp 169w, https:\/\/uchealth-wp-uploads.s3.amazonaws.com\/wp-content\/uploads\/sites\/6\/2020\/04\/01090030\/castro-family1-tiny-84x150.webp 84w, https:\/\/uchealth-wp-uploads.s3.amazonaws.com\/wp-content\/uploads\/sites\/6\/2020\/04\/01090030\/castro-family1-tiny-200x356.webp 200w, https:\/\/uchealth-wp-uploads.s3.amazonaws.com\/wp-content\/uploads\/sites\/6\/2020\/04\/01090030\/castro-family1-tiny.webp 450w\" sizes=\"auto, (max-width: 169px) 100vw, 169px\" \/><figcaption id=\"caption-attachment-30441\" class=\"wp-caption-text\">Claudia, Ernesto y Camila, de 18 meses. Foto cortes\u00eda de Ernesto Castro.<\/figcaption><\/figure>\n<p>&#8220;Muchas veces, no bromeo, pens\u00e9 que no lo iba a lograr. Pero mi fe y mis hijos realmente me motivaron a mejorar&#8221;.<\/p>\n<h2><strong>Recuper\u00e1ndose de COVID-19<\/strong><\/h2>\n<p>Castro siempre recordar\u00e1 los nombres de algunas de sus enfermeras. \u00c9l los llama &#8220;verdaderos h\u00e9roes&#8221; que &#8220;trataron conmigo en mis momentos m\u00e1s oscuros. Pero realmente, quiero agradecer hasta la \u00faltima persona all\u00ed&#8221;, dijo. &#8220;Son tan polifac\u00e9ticos, bondadosos y tan amables. Ojal\u00e1 pudiera regresar y agradecer a cada uno personalmente, pero eso no es posible en este momento&#8221;.<\/p>\n<p>De vuelta en casa, Castro contin\u00faa en cuarentena. Poco despu\u00e9s de ser ingresado en el hospital, su novia Claudia tuvo fiebre y dio positivo por COVID-19. Ya se ha propagado a trav\u00e9s de su hogar; su hija de 18 meses tuvo fiebre durante los primeros s\u00edntomas de Castro, pero se recuper\u00f3 en solo unos d\u00edas.<\/p>\n<p>Claudia ha vuelto al trabajo. Y Castro pasar\u00e1 las pr\u00f3ximas semanas siendo un padre que se queda en casa. Est\u00e1 comenzando con peque\u00f1os pasos para que sus pulmones y su cuerpo vuelvan a estar sanos.<\/p>\n<p>&#8220;Todav\u00eda no estoy al 100%&#8221;, dijo. &#8220;Todav\u00eda estoy d\u00e9bil y cansado y tengo m\u00faltiples <a href=\"https:\/\/www.uchealth.org\/services\/virtual-visit\/\">visitas virtuales<\/a> de seguimiento \u00a0con mis m\u00e9dicos, pero est\u00e1 bien porque soy lo suficientemente fuerte como para demostrarles a los m\u00e9dicos que puedo hacer esto. Pasaron demasiados d\u00edas sin que yo viera a mis hijos y a mi familia&#8221;.<\/p>\n<p>El 5 de abril, Ernesto Castro, Claudia y los ni\u00f1os celebrar\u00e1n tranquilamente su cumplea\u00f1os. Y simplemente estar vivo ser\u00e1 el regalo m\u00e1s grande que podr\u00eda haber recibido.<\/p>\n<p>&nbsp;<\/p>\n","protected":false},"excerpt":{"rendered":"<p>Abril 1, 2020 Dentro de unos d\u00edas, el 5 de abril, Ernesto Castro celebrar\u00e1 su cumplea\u00f1os n\u00famero 35. Es un d\u00eda especial que tem\u00eda que nunca vivir\u00eda. Hace unas dos semanas, Castro comenz\u00f3 a sentirse enfermo. Tal vez su asma estaba manifestando. Despu\u00e9s de todo, hab\u00eda estado entrenando para una marat\u00f3n. Castro es un hombre [&hellip;]<\/p>\n","protected":false},"author":2164,"featured_media":54892,"comment_status":"closed","ping_status":"closed","sticky":false,"template":"","format":"standard","meta":{"_acf_changed":false,"_relevanssi_hide_post":"","_relevanssi_hide_content":"","_relevanssi_pin_for_all":"","_relevanssi_pin_keywords":"","_relevanssi_unpin_keywords":"","_relevanssi_related_keywords":"","_relevanssi_related_include_ids":"","_relevanssi_related_exclude_ids":"","_relevanssi_related_no_append":"","_relevanssi_related_not_related":"","_relevanssi_related_posts":"","_relevanssi_noindex_reason":"","footnotes":""},"categories":[9192],"tags":[9132],"class_list":["post-68118","post","type-post","status-publish","format-standard","has-post-thumbnail","hentry","category-espanol","tag-traducciones-en-espanol"],"acf":[],"yoast_head":"<!-- This site is optimized with the Yoast SEO Premium plugin v27.2 (Yoast SEO v27.2) - https:\/\/yoast.com\/product\/yoast-seo-premium-wordpress\/ -->\n<title>Agradecido de estar vivo despu\u00e9s de COVID-19, paciente cuenta su historia - UCHealth Today<\/title>\n<meta name=\"description\" content=\"Comenz\u00f3 con secreci\u00f3n nasal y luego su condici\u00f3n se deterior\u00f3 r\u00e1pidamente. Despu\u00e9s de 10 d\u00edas en el hospital, se fue a casa para estar con su familia.\" \/>\n<meta name=\"robots\" content=\"index, follow, max-snippet:-1, max-image-preview:large, max-video-preview:-1\" \/>\n<link rel=\"canonical\" href=\"https:\/\/www.uchealth.org\/today\/agradecido-estar-vivo-despues-covid-19-paciente-cuenta-historia-vida-respirador-artificial\/\" \/>\n<meta property=\"og:locale\" content=\"en_US\" \/>\n<meta property=\"og:type\" content=\"article\" \/>\n<meta property=\"og:title\" content=\"Agradecido de estar vivo: Ernesto Castro vive para contar su historia sobre sobrevivir al COVID-19\" \/>\n<meta property=\"og:description\" content=\"Comenz\u00f3 con secreci\u00f3n nasal y luego su condici\u00f3n se deterior\u00f3 r\u00e1pidamente. Despu\u00e9s de 10 d\u00edas en el hospital, se fue a casa para estar con su familia.\" \/>\n<meta property=\"og:url\" content=\"https:\/\/www.uchealth.org\/today\/agradecido-estar-vivo-despues-covid-19-paciente-cuenta-historia-vida-respirador-artificial\/\" \/>\n<meta property=\"og:site_name\" content=\"UCHealth Today\" \/>\n<meta property=\"article:publisher\" content=\"https:\/\/www.facebook.com\/uchealthorg\/\" \/>\n<meta property=\"article:published_time\" content=\"2023-01-30T20:00:52+00:00\" \/>\n<meta property=\"article:modified_time\" content=\"2024-02-15T21:15:42+00:00\" \/>\n<meta property=\"og:image\" content=\"https:\/\/uchealth-wp-uploads.s3.amazonaws.com\/wp-content\/uploads\/sites\/6\/2020\/04\/01090033\/Castro-family-screen-shot-tiny-e1585762929769.jpg\" \/>\n\t<meta property=\"og:image:type\" content=\"image\/jpeg\" \/>\n<meta name=\"author\" content=\"Kati Blocker, UCHealth\" \/>\n<meta name=\"twitter:card\" content=\"summary_large_image\" \/>\n<meta name=\"twitter:creator\" content=\"@uchealth\" \/>\n<meta name=\"twitter:site\" content=\"@uchealth\" \/>\n<meta name=\"twitter:label1\" content=\"Written by\" \/>\n\t<meta name=\"twitter:data1\" content=\"Kati Blocker, UCHealth\" \/>\n\t<meta name=\"twitter:label2\" content=\"Est. reading time\" \/>\n\t<meta name=\"twitter:data2\" content=\"9 minutes\" \/>\n<script type=\"application\/ld+json\" class=\"yoast-schema-graph\">{\"@context\":\"https:\/\/schema.org\",\"@graph\":[{\"@type\":\"Article\",\"@id\":\"https:\/\/www.uchealth.org\/today\/agradecido-estar-vivo-despues-covid-19-paciente-cuenta-historia-vida-respirador-artificial\/#article\",\"isPartOf\":{\"@id\":\"https:\/\/www.uchealth.org\/today\/agradecido-estar-vivo-despues-covid-19-paciente-cuenta-historia-vida-respirador-artificial\/\"},\"author\":{\"name\":\"Kati Blocker, UCHealth\",\"@id\":\"https:\/\/www.uchealth.org\/today\/#\/schema\/person\/2974962d9c19ae1bbcec3250ab830fbc\"},\"headline\":\"Agradecido de estar vivo: Ernesto Castro vive para contar su historia sobre sobrevivir al COVID-19\",\"datePublished\":\"2023-01-30T20:00:52+00:00\",\"dateModified\":\"2024-02-15T21:15:42+00:00\",\"mainEntityOfPage\":{\"@id\":\"https:\/\/www.uchealth.org\/today\/agradecido-estar-vivo-despues-covid-19-paciente-cuenta-historia-vida-respirador-artificial\/\"},\"wordCount\":1904,\"publisher\":{\"@id\":\"https:\/\/www.uchealth.org\/today\/#organization\"},\"image\":{\"@id\":\"https:\/\/www.uchealth.org\/today\/agradecido-estar-vivo-despues-covid-19-paciente-cuenta-historia-vida-respirador-artificial\/#primaryimage\"},\"thumbnailUrl\":\"https:\/\/uchealth-wp-uploads.s3.amazonaws.com\/wp-content\/uploads\/sites\/6\/2020\/04\/01090033\/Castro-family-screen-shot-tiny-e1585762929769.webp\",\"keywords\":[\"Traducciones en espa\u00f1ol\"],\"articleSection\":[\"Espa\u00f1ol\"],\"inLanguage\":\"en-US\"},{\"@type\":\"WebPage\",\"@id\":\"https:\/\/www.uchealth.org\/today\/agradecido-estar-vivo-despues-covid-19-paciente-cuenta-historia-vida-respirador-artificial\/\",\"url\":\"https:\/\/www.uchealth.org\/today\/agradecido-estar-vivo-despues-covid-19-paciente-cuenta-historia-vida-respirador-artificial\/\",\"name\":\"Agradecido de estar vivo despu\u00e9s de COVID-19, paciente cuenta su historia - UCHealth Today\",\"isPartOf\":{\"@id\":\"https:\/\/www.uchealth.org\/today\/#website\"},\"primaryImageOfPage\":{\"@id\":\"https:\/\/www.uchealth.org\/today\/agradecido-estar-vivo-despues-covid-19-paciente-cuenta-historia-vida-respirador-artificial\/#primaryimage\"},\"image\":{\"@id\":\"https:\/\/www.uchealth.org\/today\/agradecido-estar-vivo-despues-covid-19-paciente-cuenta-historia-vida-respirador-artificial\/#primaryimage\"},\"thumbnailUrl\":\"https:\/\/uchealth-wp-uploads.s3.amazonaws.com\/wp-content\/uploads\/sites\/6\/2020\/04\/01090033\/Castro-family-screen-shot-tiny-e1585762929769.webp\",\"datePublished\":\"2023-01-30T20:00:52+00:00\",\"dateModified\":\"2024-02-15T21:15:42+00:00\",\"description\":\"Comenz\u00f3 con secreci\u00f3n nasal y luego su condici\u00f3n se deterior\u00f3 r\u00e1pidamente. Despu\u00e9s de 10 d\u00edas en el hospital, se fue a casa para estar con su familia.\",\"breadcrumb\":{\"@id\":\"https:\/\/www.uchealth.org\/today\/agradecido-estar-vivo-despues-covid-19-paciente-cuenta-historia-vida-respirador-artificial\/#breadcrumb\"},\"inLanguage\":\"en-US\",\"potentialAction\":[{\"@type\":\"ReadAction\",\"target\":[\"https:\/\/www.uchealth.org\/today\/agradecido-estar-vivo-despues-covid-19-paciente-cuenta-historia-vida-respirador-artificial\/\"]}]},{\"@type\":\"ImageObject\",\"inLanguage\":\"en-US\",\"@id\":\"https:\/\/www.uchealth.org\/today\/agradecido-estar-vivo-despues-covid-19-paciente-cuenta-historia-vida-respirador-artificial\/#primaryimage\",\"url\":\"https:\/\/uchealth-wp-uploads.s3.amazonaws.com\/wp-content\/uploads\/sites\/6\/2020\/04\/01090033\/Castro-family-screen-shot-tiny-e1585762929769.webp\",\"contentUrl\":\"https:\/\/uchealth-wp-uploads.s3.amazonaws.com\/wp-content\/uploads\/sites\/6\/2020\/04\/01090033\/Castro-family-screen-shot-tiny-e1585762929769.webp\",\"width\":790,\"height\":380,\"caption\":\"Ernesto Castro, his wife, Claudia and daughter, Camila, after Ernesto returned home from the COVID ICU unit at UCHealth Medical Center of the Rockies. Photo courtesy of Ernesto Castro.\"},{\"@type\":\"BreadcrumbList\",\"@id\":\"https:\/\/www.uchealth.org\/today\/agradecido-estar-vivo-despues-covid-19-paciente-cuenta-historia-vida-respirador-artificial\/#breadcrumb\",\"itemListElement\":[{\"@type\":\"ListItem\",\"position\":1,\"name\":\"Home\",\"item\":\"https:\/\/www.uchealth.org\/today\/\"},{\"@type\":\"ListItem\",\"position\":2,\"name\":\"Agradecido de estar vivo: Ernesto Castro vive para contar su historia sobre sobrevivir al COVID-19\"}]},{\"@type\":\"WebSite\",\"@id\":\"https:\/\/www.uchealth.org\/today\/#website\",\"url\":\"https:\/\/www.uchealth.org\/today\/\",\"name\":\"UCHealth Today\",\"description\":\"UCHealth Today\",\"publisher\":{\"@id\":\"https:\/\/www.uchealth.org\/today\/#organization\"},\"potentialAction\":[{\"@type\":\"SearchAction\",\"target\":{\"@type\":\"EntryPoint\",\"urlTemplate\":\"https:\/\/www.uchealth.org\/today\/?s={search_term_string}\"},\"query-input\":{\"@type\":\"PropertyValueSpecification\",\"valueRequired\":true,\"valueName\":\"search_term_string\"}}],\"inLanguage\":\"en-US\"},{\"@type\":\"Organization\",\"@id\":\"https:\/\/www.uchealth.org\/today\/#organization\",\"name\":\"UCHealth\",\"url\":\"https:\/\/www.uchealth.org\/today\/\",\"logo\":{\"@type\":\"ImageObject\",\"inLanguage\":\"en-US\",\"@id\":\"https:\/\/www.uchealth.org\/today\/#\/schema\/logo\/image\/\",\"url\":\"https:\/\/uchealth-wp-uploads.s3.amazonaws.com\/wp-content\/uploads\/sites\/6\/2020\/04\/24135149\/UCHealth-square-logo-1000x1000-1.jpg\",\"contentUrl\":\"https:\/\/uchealth-wp-uploads.s3.amazonaws.com\/wp-content\/uploads\/sites\/6\/2020\/04\/24135149\/UCHealth-square-logo-1000x1000-1.jpg\",\"width\":1000,\"height\":1000,\"caption\":\"UCHealth\"},\"image\":{\"@id\":\"https:\/\/www.uchealth.org\/today\/#\/schema\/logo\/image\/\"},\"sameAs\":[\"https:\/\/www.facebook.com\/uchealthorg\/\",\"https:\/\/x.com\/uchealth\",\"https:\/\/www.instagram.com\/uchealth\/\",\"https:\/\/www.linkedin.com\/school\/14839\/\",\"https:\/\/www.pinterest.com\/uchealthorg\/\",\"https:\/\/www.youtube.com\/channel\/UC41SJI79yjZIe96OajzN22g\"]},{\"@type\":\"Person\",\"@id\":\"https:\/\/www.uchealth.org\/today\/#\/schema\/person\/2974962d9c19ae1bbcec3250ab830fbc\",\"name\":\"Kati Blocker, UCHealth\",\"image\":{\"@type\":\"ImageObject\",\"inLanguage\":\"en-US\",\"@id\":\"https:\/\/secure.gravatar.com\/avatar\/62cfc49002cce7d835ff120702e1e8cd4b871b3468a4fed7137fbfa60674c6b3?s=96&d=mm&r=g\",\"url\":\"https:\/\/secure.gravatar.com\/avatar\/62cfc49002cce7d835ff120702e1e8cd4b871b3468a4fed7137fbfa60674c6b3?s=96&d=mm&r=g\",\"contentUrl\":\"https:\/\/secure.gravatar.com\/avatar\/62cfc49002cce7d835ff120702e1e8cd4b871b3468a4fed7137fbfa60674c6b3?s=96&d=mm&r=g\",\"caption\":\"Kati Blocker, UCHealth\"},\"description\":\"Kati Blocker has always been driven to learn and explore the world around her. And every day, as a writer for UCHealth, Kati meets inspiring people, learns about life-saving technology, and gets to know the amazing people who are saving lives each day. Even better, she gets to share their stories with the world. As a journalism major at the University of Wyoming, Kati wrote for her college newspaper. She also studied abroad in Swansea, Wales, while simultaneously writing for a Colorado metaphysical newspaper. After college, Kati was a reporter for the Montrose Daily Press and the Telluride Watch, covering education and health care in rural Colorado, as well as city news and business. When she's not writing, Kati is creating her own stories with her husband Joel and their two children.\",\"url\":\"https:\/\/www.uchealth.org\/today\/author\/katieblocker\/\"}]}<\/script>\n<!-- \/ Yoast SEO Premium plugin. -->","yoast_head_json":{"title":"Agradecido de estar vivo despu\u00e9s de COVID-19, paciente cuenta su historia - UCHealth Today","description":"Comenz\u00f3 con secreci\u00f3n nasal y luego su condici\u00f3n se deterior\u00f3 r\u00e1pidamente. Despu\u00e9s de 10 d\u00edas en el hospital, se fue a casa para estar con su familia.","robots":{"index":"index","follow":"follow","max-snippet":"max-snippet:-1","max-image-preview":"max-image-preview:large","max-video-preview":"max-video-preview:-1"},"canonical":"https:\/\/www.uchealth.org\/today\/agradecido-estar-vivo-despues-covid-19-paciente-cuenta-historia-vida-respirador-artificial\/","og_locale":"en_US","og_type":"article","og_title":"Agradecido de estar vivo: Ernesto Castro vive para contar su historia sobre sobrevivir al COVID-19","og_description":"Comenz\u00f3 con secreci\u00f3n nasal y luego su condici\u00f3n se deterior\u00f3 r\u00e1pidamente. Despu\u00e9s de 10 d\u00edas en el hospital, se fue a casa para estar con su familia.","og_url":"https:\/\/www.uchealth.org\/today\/agradecido-estar-vivo-despues-covid-19-paciente-cuenta-historia-vida-respirador-artificial\/","og_site_name":"UCHealth Today","article_publisher":"https:\/\/www.facebook.com\/uchealthorg\/","article_published_time":"2023-01-30T20:00:52+00:00","article_modified_time":"2024-02-15T21:15:42+00:00","og_image":[{"url":"https:\/\/uchealth-wp-uploads.s3.amazonaws.com\/wp-content\/uploads\/sites\/6\/2020\/04\/01090033\/Castro-family-screen-shot-tiny-e1585762929769.jpg","type":"image\/jpeg"}],"author":"Kati Blocker, UCHealth","twitter_card":"summary_large_image","twitter_creator":"@uchealth","twitter_site":"@uchealth","twitter_misc":{"Written by":"Kati Blocker, UCHealth","Est. reading time":"9 minutes"},"schema":{"@context":"https:\/\/schema.org","@graph":[{"@type":"Article","@id":"https:\/\/www.uchealth.org\/today\/agradecido-estar-vivo-despues-covid-19-paciente-cuenta-historia-vida-respirador-artificial\/#article","isPartOf":{"@id":"https:\/\/www.uchealth.org\/today\/agradecido-estar-vivo-despues-covid-19-paciente-cuenta-historia-vida-respirador-artificial\/"},"author":{"name":"Kati Blocker, UCHealth","@id":"https:\/\/www.uchealth.org\/today\/#\/schema\/person\/2974962d9c19ae1bbcec3250ab830fbc"},"headline":"Agradecido de estar vivo: Ernesto Castro vive para contar su historia sobre sobrevivir al COVID-19","datePublished":"2023-01-30T20:00:52+00:00","dateModified":"2024-02-15T21:15:42+00:00","mainEntityOfPage":{"@id":"https:\/\/www.uchealth.org\/today\/agradecido-estar-vivo-despues-covid-19-paciente-cuenta-historia-vida-respirador-artificial\/"},"wordCount":1904,"publisher":{"@id":"https:\/\/www.uchealth.org\/today\/#organization"},"image":{"@id":"https:\/\/www.uchealth.org\/today\/agradecido-estar-vivo-despues-covid-19-paciente-cuenta-historia-vida-respirador-artificial\/#primaryimage"},"thumbnailUrl":"https:\/\/uchealth-wp-uploads.s3.amazonaws.com\/wp-content\/uploads\/sites\/6\/2020\/04\/01090033\/Castro-family-screen-shot-tiny-e1585762929769.webp","keywords":["Traducciones en espa\u00f1ol"],"articleSection":["Espa\u00f1ol"],"inLanguage":"en-US"},{"@type":"WebPage","@id":"https:\/\/www.uchealth.org\/today\/agradecido-estar-vivo-despues-covid-19-paciente-cuenta-historia-vida-respirador-artificial\/","url":"https:\/\/www.uchealth.org\/today\/agradecido-estar-vivo-despues-covid-19-paciente-cuenta-historia-vida-respirador-artificial\/","name":"Agradecido de estar vivo despu\u00e9s de COVID-19, paciente cuenta su historia - UCHealth Today","isPartOf":{"@id":"https:\/\/www.uchealth.org\/today\/#website"},"primaryImageOfPage":{"@id":"https:\/\/www.uchealth.org\/today\/agradecido-estar-vivo-despues-covid-19-paciente-cuenta-historia-vida-respirador-artificial\/#primaryimage"},"image":{"@id":"https:\/\/www.uchealth.org\/today\/agradecido-estar-vivo-despues-covid-19-paciente-cuenta-historia-vida-respirador-artificial\/#primaryimage"},"thumbnailUrl":"https:\/\/uchealth-wp-uploads.s3.amazonaws.com\/wp-content\/uploads\/sites\/6\/2020\/04\/01090033\/Castro-family-screen-shot-tiny-e1585762929769.webp","datePublished":"2023-01-30T20:00:52+00:00","dateModified":"2024-02-15T21:15:42+00:00","description":"Comenz\u00f3 con secreci\u00f3n nasal y luego su condici\u00f3n se deterior\u00f3 r\u00e1pidamente. Despu\u00e9s de 10 d\u00edas en el hospital, se fue a casa para estar con su familia.","breadcrumb":{"@id":"https:\/\/www.uchealth.org\/today\/agradecido-estar-vivo-despues-covid-19-paciente-cuenta-historia-vida-respirador-artificial\/#breadcrumb"},"inLanguage":"en-US","potentialAction":[{"@type":"ReadAction","target":["https:\/\/www.uchealth.org\/today\/agradecido-estar-vivo-despues-covid-19-paciente-cuenta-historia-vida-respirador-artificial\/"]}]},{"@type":"ImageObject","inLanguage":"en-US","@id":"https:\/\/www.uchealth.org\/today\/agradecido-estar-vivo-despues-covid-19-paciente-cuenta-historia-vida-respirador-artificial\/#primaryimage","url":"https:\/\/uchealth-wp-uploads.s3.amazonaws.com\/wp-content\/uploads\/sites\/6\/2020\/04\/01090033\/Castro-family-screen-shot-tiny-e1585762929769.webp","contentUrl":"https:\/\/uchealth-wp-uploads.s3.amazonaws.com\/wp-content\/uploads\/sites\/6\/2020\/04\/01090033\/Castro-family-screen-shot-tiny-e1585762929769.webp","width":790,"height":380,"caption":"Ernesto Castro, his wife, Claudia and daughter, Camila, after Ernesto returned home from the COVID ICU unit at UCHealth Medical Center of the Rockies. Photo courtesy of Ernesto Castro."},{"@type":"BreadcrumbList","@id":"https:\/\/www.uchealth.org\/today\/agradecido-estar-vivo-despues-covid-19-paciente-cuenta-historia-vida-respirador-artificial\/#breadcrumb","itemListElement":[{"@type":"ListItem","position":1,"name":"Home","item":"https:\/\/www.uchealth.org\/today\/"},{"@type":"ListItem","position":2,"name":"Agradecido de estar vivo: Ernesto Castro vive para contar su historia sobre sobrevivir al COVID-19"}]},{"@type":"WebSite","@id":"https:\/\/www.uchealth.org\/today\/#website","url":"https:\/\/www.uchealth.org\/today\/","name":"UCHealth Today","description":"UCHealth Today","publisher":{"@id":"https:\/\/www.uchealth.org\/today\/#organization"},"potentialAction":[{"@type":"SearchAction","target":{"@type":"EntryPoint","urlTemplate":"https:\/\/www.uchealth.org\/today\/?s={search_term_string}"},"query-input":{"@type":"PropertyValueSpecification","valueRequired":true,"valueName":"search_term_string"}}],"inLanguage":"en-US"},{"@type":"Organization","@id":"https:\/\/www.uchealth.org\/today\/#organization","name":"UCHealth","url":"https:\/\/www.uchealth.org\/today\/","logo":{"@type":"ImageObject","inLanguage":"en-US","@id":"https:\/\/www.uchealth.org\/today\/#\/schema\/logo\/image\/","url":"https:\/\/uchealth-wp-uploads.s3.amazonaws.com\/wp-content\/uploads\/sites\/6\/2020\/04\/24135149\/UCHealth-square-logo-1000x1000-1.jpg","contentUrl":"https:\/\/uchealth-wp-uploads.s3.amazonaws.com\/wp-content\/uploads\/sites\/6\/2020\/04\/24135149\/UCHealth-square-logo-1000x1000-1.jpg","width":1000,"height":1000,"caption":"UCHealth"},"image":{"@id":"https:\/\/www.uchealth.org\/today\/#\/schema\/logo\/image\/"},"sameAs":["https:\/\/www.facebook.com\/uchealthorg\/","https:\/\/x.com\/uchealth","https:\/\/www.instagram.com\/uchealth\/","https:\/\/www.linkedin.com\/school\/14839\/","https:\/\/www.pinterest.com\/uchealthorg\/","https:\/\/www.youtube.com\/channel\/UC41SJI79yjZIe96OajzN22g"]},{"@type":"Person","@id":"https:\/\/www.uchealth.org\/today\/#\/schema\/person\/2974962d9c19ae1bbcec3250ab830fbc","name":"Kati Blocker, UCHealth","image":{"@type":"ImageObject","inLanguage":"en-US","@id":"https:\/\/secure.gravatar.com\/avatar\/62cfc49002cce7d835ff120702e1e8cd4b871b3468a4fed7137fbfa60674c6b3?s=96&d=mm&r=g","url":"https:\/\/secure.gravatar.com\/avatar\/62cfc49002cce7d835ff120702e1e8cd4b871b3468a4fed7137fbfa60674c6b3?s=96&d=mm&r=g","contentUrl":"https:\/\/secure.gravatar.com\/avatar\/62cfc49002cce7d835ff120702e1e8cd4b871b3468a4fed7137fbfa60674c6b3?s=96&d=mm&r=g","caption":"Kati Blocker, UCHealth"},"description":"Kati Blocker has always been driven to learn and explore the world around her. And every day, as a writer for UCHealth, Kati meets inspiring people, learns about life-saving technology, and gets to know the amazing people who are saving lives each day. Even better, she gets to share their stories with the world. As a journalism major at the University of Wyoming, Kati wrote for her college newspaper. She also studied abroad in Swansea, Wales, while simultaneously writing for a Colorado metaphysical newspaper. After college, Kati was a reporter for the Montrose Daily Press and the Telluride Watch, covering education and health care in rural Colorado, as well as city news and business. When she's not writing, Kati is creating her own stories with her husband Joel and their two children.","url":"https:\/\/www.uchealth.org\/today\/author\/katieblocker\/"}]}},"coauthors":[{"id":2164,"name":"Kati Blocker","link":"https:\/\/www.uchealth.org\/today\/author\/katieblocker\/"}],"_links":{"self":[{"href":"https:\/\/www.uchealth.org\/today\/wp-json\/wp\/v2\/posts\/68118","targetHints":{"allow":["GET"]}}],"collection":[{"href":"https:\/\/www.uchealth.org\/today\/wp-json\/wp\/v2\/posts"}],"about":[{"href":"https:\/\/www.uchealth.org\/today\/wp-json\/wp\/v2\/types\/post"}],"author":[{"embeddable":true,"href":"https:\/\/www.uchealth.org\/today\/wp-json\/wp\/v2\/users\/2164"}],"replies":[{"embeddable":true,"href":"https:\/\/www.uchealth.org\/today\/wp-json\/wp\/v2\/comments?post=68118"}],"version-history":[{"count":8,"href":"https:\/\/www.uchealth.org\/today\/wp-json\/wp\/v2\/posts\/68118\/revisions"}],"predecessor-version":[{"id":68340,"href":"https:\/\/www.uchealth.org\/today\/wp-json\/wp\/v2\/posts\/68118\/revisions\/68340"}],"wp:featuredmedia":[{"embeddable":true,"href":"https:\/\/www.uchealth.org\/today\/wp-json\/wp\/v2\/media\/54892"}],"wp:attachment":[{"href":"https:\/\/www.uchealth.org\/today\/wp-json\/wp\/v2\/media?parent=68118"}],"wp:term":[{"taxonomy":"category","embeddable":true,"href":"https:\/\/www.uchealth.org\/today\/wp-json\/wp\/v2\/categories?post=68118"},{"taxonomy":"post_tag","embeddable":true,"href":"https:\/\/www.uchealth.org\/today\/wp-json\/wp\/v2\/tags?post=68118"}],"curies":[{"name":"wp","href":"https:\/\/api.w.org\/{rel}","templated":true}]}}